{"id":144572,"date":"2019-09-05T10:03:15","date_gmt":"2019-09-05T14:03:15","guid":{"rendered":"http:\/\/santemc.quebec\/icentre\/?p=144572"},"modified":"2019-09-05T10:05:57","modified_gmt":"2019-09-05T14:05:57","slug":"des-infirmieres-praticiennes-specialisees-en-sante-mentale-au-cisssmc-des-lautomne","status":"publish","type":"post","link":"https:\/\/santemc.quebec\/icentre\/des-infirmieres-praticiennes-specialisees-en-sante-mentale-au-cisssmc-des-lautomne\/","title":{"rendered":"Des infirmi\u00e8res praticiennes sp\u00e9cialis\u00e9es en sant\u00e9 mentale au CISSSMC d\u00e8s l\u2019automne"},"content":{"rendered":"<div id=\"attachment_144573\" style=\"width: 310px\" class=\"wp-caption alignleft\"><a href=\"https:\/\/santemc.quebec\/santemc\/icentre\/wp-content\/uploads\/2019\/09\/VincentBerlinguette.jpg\"><img aria-describedby=\"caption-attachment-144573\" decoding=\"async\" loading=\"lazy\" class=\"size-medium wp-image-144573\" src=\"https:\/\/santemc.quebec\/santemc\/icentre\/wp-content\/uploads\/2019\/09\/VincentBerlinguette-300x293.jpg\" alt=\"\" width=\"300\" height=\"293\" srcset=\"https:\/\/santemc.quebec\/santemc\/icentre\/wp-content\/uploads\/2019\/09\/VincentBerlinguette-300x293.jpg 300w, https:\/\/santemc.quebec\/santemc\/icentre\/wp-content\/uploads\/2019\/09\/VincentBerlinguette-308x300.jpg 308w, https:\/\/santemc.quebec\/santemc\/icentre\/wp-content\/uploads\/2019\/09\/VincentBerlinguette.jpg 525w\" sizes=\"(max-width: 300px) 100vw, 300px\" \/><\/a><p id=\"caption-attachment-144573\" class=\"wp-caption-text\">Vincent Berlinguette<\/p><\/div>\n<p>La Direction des soins infirmiers, en collaboration avec la Direction des programmes de sant\u00e9 mentale et d\u00e9pendance, est fi\u00e8re de vous annoncer l\u2019arriv\u00e9e d\u2019infirmi\u00e8res praticiennes sp\u00e9cialis\u00e9es en sant\u00e9 mentale (IPSSM). Ce sont trois finissants de la premi\u00e8re cohorte qu\u00e9b\u00e9coise d\u2019IPSSM qui joindront nos \u00e9quipes au cours des prochains mois.<\/p>\n<p><!--more--><\/p>\n<p>D\u00e8s septembre, le service externe de psychiatrie \u00e0 Saint-Jean-sur-Richelieu et les services de 1<sup>re<\/sup> ligne en sant\u00e9 mentale adulte du CLSC de la Vall\u00e9e-des-Forts pourront compter sur la pr\u00e9sence de monsieur Vincent Berlinguette, alors que mesdames Patricia Desch\u00eane et Val\u00e9rie Renaud s\u2019ajouteront aux \u00e9quipes de l\u2019H\u00f4pital Charles-Le Moyne, plus tard \u00e0 l\u2019automne.<\/p>\n<p><strong>Le r\u00f4le de l\u2019IPSSM<br \/>\n<\/strong>Dix ans apr\u00e8s l\u2019entr\u00e9e en vigueur des r\u00e8glements encadrant la pratique des infirmi\u00e8res praticiennes sp\u00e9cialis\u00e9es, des ajustements ont \u00e9t\u00e9 apport\u00e9s afin d\u2019optimiser leur r\u00f4le professionnel et ainsi contribuer davantage \u00e0 la qualit\u00e9 des soins et services offerts. Ainsi de nouvelles sp\u00e9cialit\u00e9s se sont ajout\u00e9es, notamment la pratique infirmi\u00e8re avanc\u00e9e en sant\u00e9 mentale.<\/p>\n<p>Les trois IPSSM assureront des soins infirmiers et m\u00e9dicaux aupr\u00e8s de la client\u00e8le adulte de sant\u00e9 mentale, et ce, tant dans les missions hospitali\u00e8res que de premi\u00e8re et deuxi\u00e8me ligne. Celles-ci travailleront en partenariat avec les \u00e9quipes de psychiatres.<\/p>\n<p>L\u2019IPSSM favorisera aussi la collaboration intra et interprofessionnelle et, par son expertise, participera au soutien clinique des infirmi\u00e8res, ainsi qu\u2019\u00e0 la formation des futures IPSSM.<\/p>\n<p>Nous sommes donc tr\u00e8s heureux d\u2019accueillir, d\u00e8s le 9 septembre, monsieur Berlinguette, et privil\u00e9gi\u00e9s de compter sur l\u2019\u00e9ventuelle pr\u00e9sence de mesdames Desch\u00eane et Renaud. Leur expertise contribuera \u00e0 am\u00e9liorer l&rsquo;acc\u00e8s aux soins infirmiers et m\u00e9dicaux en sant\u00e9 mentale dans un contexte o\u00f9 les troubles mentaux sont en croissance constante.<\/p>\n<div id=\"attachment_144575\" style=\"width: 219px\" class=\"wp-caption alignleft\"><a href=\"https:\/\/santemc.quebec\/santemc\/icentre\/wp-content\/uploads\/2019\/09\/ValerieRenaud.jpg\"><img aria-describedby=\"caption-attachment-144575\" decoding=\"async\" loading=\"lazy\" class=\"wp-image-144575 size-medium\" src=\"https:\/\/santemc.quebec\/santemc\/icentre\/wp-content\/uploads\/2019\/09\/ValerieRenaud-209x300.jpg\" alt=\"\" width=\"209\" height=\"300\" srcset=\"https:\/\/santemc.quebec\/santemc\/icentre\/wp-content\/uploads\/2019\/09\/ValerieRenaud-209x300.jpg 209w, https:\/\/santemc.quebec\/santemc\/icentre\/wp-content\/uploads\/2019\/09\/ValerieRenaud.jpg 527w\" sizes=\"(max-width: 209px) 100vw, 209px\" \/><\/a><p id=\"caption-attachment-144575\" class=\"wp-caption-text\">Val\u00e9rie Renaud<\/p><\/div>\n<div id=\"attachment_144574\" style=\"width: 212px\" class=\"wp-caption alignright\"><a href=\"https:\/\/santemc.quebec\/santemc\/icentre\/wp-content\/uploads\/2019\/09\/PatriciaDeschenes.jpg\"><img aria-describedby=\"caption-attachment-144574\" decoding=\"async\" loading=\"lazy\" class=\"wp-image-144574 size-medium\" src=\"https:\/\/santemc.quebec\/santemc\/icentre\/wp-content\/uploads\/2019\/09\/PatriciaDeschenes-202x300.jpg\" alt=\"\" width=\"202\" height=\"300\" srcset=\"https:\/\/santemc.quebec\/santemc\/icentre\/wp-content\/uploads\/2019\/09\/PatriciaDeschenes-202x300.jpg 202w, https:\/\/santemc.quebec\/santemc\/icentre\/wp-content\/uploads\/2019\/09\/PatriciaDeschenes.jpg 499w\" sizes=\"(max-width: 202px) 100vw, 202px\" \/><\/a><p id=\"caption-attachment-144574\" class=\"wp-caption-text\">Patricia Desch\u00eane<\/p><\/div>\n","protected":false},"excerpt":{"rendered":"<p>La Direction des soins infirmiers, en collaboration avec la Direction des programmes de sant\u00e9 mentale et d\u00e9pendance, est fi\u00e8re de vous annoncer l\u2019arriv\u00e9e d\u2019infirmi\u00e8res praticiennes sp\u00e9cialis\u00e9es en sant\u00e9 mentale (IPSSM). Ce sont trois finissants de la premi\u00e8re cohorte qu\u00e9b\u00e9coise d\u2019IPSSM &hellip; <a href=\"https:\/\/santemc.quebec\/icentre\/des-infirmieres-praticiennes-specialisees-en-sante-mentale-au-cisssmc-des-lautomne\/\">Continuer la lecture <span class=\"meta-nav\">&rarr;<\/span><\/a><\/p>\n","protected":false},"author":9,"featured_media":0,"comment_status":"open","ping_status":"closed","sticky":false,"template":"","format":"standard","meta":{"footnotes":""},"categories":[1],"tags":[],"_links":{"self":[{"href":"https:\/\/santemc.quebec\/icentre\/wp-json\/wp\/v2\/posts\/144572"}],"collection":[{"href":"https:\/\/santemc.quebec\/icentre\/wp-json\/wp\/v2\/posts"}],"about":[{"href":"https:\/\/santemc.quebec\/icentre\/wp-json\/wp\/v2\/types\/post"}],"author":[{"embeddable":true,"href":"https:\/\/santemc.quebec\/icentre\/wp-json\/wp\/v2\/users\/9"}],"replies":[{"embeddable":true,"href":"https:\/\/santemc.quebec\/icentre\/wp-json\/wp\/v2\/comments?post=144572"}],"version-history":[{"count":2,"href":"https:\/\/santemc.quebec\/icentre\/wp-json\/wp\/v2\/posts\/144572\/revisions"}],"predecessor-version":[{"id":144578,"href":"https:\/\/santemc.quebec\/icentre\/wp-json\/wp\/v2\/posts\/144572\/revisions\/144578"}],"wp:attachment":[{"href":"https:\/\/santemc.quebec\/icentre\/wp-json\/wp\/v2\/media?parent=144572"}],"wp:term":[{"taxonomy":"category","embeddable":true,"href":"https:\/\/santemc.quebec\/icentre\/wp-json\/wp\/v2\/categories?post=144572"},{"taxonomy":"post_tag","embeddable":true,"href":"https:\/\/santemc.quebec\/icentre\/wp-json\/wp\/v2\/tags?post=144572"}],"curies":[{"name":"wp","href":"https:\/\/api.w.org\/{rel}","templated":true}]}}