{"id":144990,"date":"2019-09-09T08:35:07","date_gmt":"2019-09-09T12:35:07","guid":{"rendered":"http:\/\/santemc.quebec\/icentre\/?p=144990"},"modified":"2019-11-08T13:31:42","modified_gmt":"2019-11-08T18:31:42","slug":"echo-de-nos-patients-temoignage-dune-combattante-contre-le-cancer-copy","status":"publish","type":"post","link":"https:\/\/santemc.quebec\/icentre\/echo-de-nos-patients-temoignage-dune-combattante-contre-le-cancer-copy\/","title":{"rendered":"\u00c9cho de nos patients : aller chercher de l&rsquo;aide pour se renconstruire"},"content":{"rendered":"<p>Les patients ont beaucoup \u00e0 nous apprendre. En donnant la parole aux patients partenaires de leurs soins, cette rubrique veut faire conna\u00eetre des histoires inspirantes et des gestes qui font la diff\u00e9rence dans la vie des personnes qui affrontent la maladie.<\/p>\n<p><!--more--><\/p>\n<p><b>Affronter <\/b><b>un choc de vie<br \/>\n<\/b><a href=\"https:\/\/santemc.quebec\/santemc\/icentre\/wp-content\/uploads\/2019\/09\/CElek.jpg\"><img decoding=\"async\" loading=\"lazy\" class=\"size-medium wp-image-145029 alignleft\" src=\"https:\/\/santemc.quebec\/santemc\/icentre\/wp-content\/uploads\/2019\/09\/CElek-300x289.jpg\" alt=\"\" width=\"300\" height=\"289\" srcset=\"https:\/\/santemc.quebec\/santemc\/icentre\/wp-content\/uploads\/2019\/09\/CElek-300x289.jpg 300w, https:\/\/santemc.quebec\/santemc\/icentre\/wp-content\/uploads\/2019\/09\/CElek-311x300.jpg 311w, https:\/\/santemc.quebec\/santemc\/icentre\/wp-content\/uploads\/2019\/09\/CElek.jpg 505w\" sizes=\"(max-width: 300px) 100vw, 300px\" \/><\/a>La vie de Catherine Elek, \u00e0 droite sur la photo, a bascul\u00e9 apr\u00e8s la mort tragique de son fr\u00e8re handicap\u00e9. \u00ab Avant j\u2019avais un fianc\u00e9. Nous allions acheter une maison. J\u2019avais un poste en travail social. J\u2019avais une bonne vie. J\u2019ai tout perdu : mon emploi, mon conjoint, mon fr\u00e8re. Il a fallu que je refasse ma vie au complet.\u00a0\u00bb<\/p>\n<p>C\u2019est au d\u00e9but des ann\u00e9es 2000 que Catherine a perdu pied pour la premi\u00e8re fois. Elle s\u2019est retrouv\u00e9e incapable de s\u2019occuper d\u2019elle-m\u00eame, de son logement, de ses finances, de toute sa vie quotidienne finalement. Des ann\u00e9es plus tard, gr\u00e2ce \u00e0 sa d\u00e9termination, le travail sur elle-m\u00eame, l\u2019espoir, la r\u00e9silience et l\u2019aide qu\u2019elle a re\u00e7ue, Catherine est devenue l\u2019aidante naturelle de son p\u00e8re \u00e2g\u00e9 et a entrepris des d\u00e9marches pour travailler \u00e0 nouveau dans son domaine.<\/p>\n<p>Marie-\u00c8ve B\u00e9langer, \u00e0 gauche sur la photo, son \u00e9ducatrice sp\u00e9cialis\u00e9e au Soutien d\u2019intensit\u00e9 variable* des services externes de psychiatrie du CISSS de la Mont\u00e9r\u00e9gie-Centre l\u2019avoue, des exemples de r\u00e9tablissement comme celui de Catherine sont r\u00e9jouissants. \u00ab Je pense \u00e0 la Catherine en d\u00e9tresse couch\u00e9e sur son divan, puis je vois la Catherine d\u2019aujourd\u2019hui : pimpante, belle, souriante. Quel travail! Catherine, c\u2019est un beau cadeau pour moi, dans mon travail \u00bb, dit-elle.<\/p>\n<p><b>R\u00e9apprendre \u00e0 vivre<br \/>\n<\/b>Catherine a s\u00e9journ\u00e9 \u00e0 deux reprises en psychiatrie depuis le d\u00e9c\u00e8s de son fr\u00e8re. Pour se remettre de cet \u00e9norme choc dans sa vie, apprendre \u00e0 vivre avec la maladie mentale et accepter la m\u00e9dication qui fait d\u00e9sormais partie de sa vie en bonne sant\u00e9, elle a d\u00fb beaucoup cheminer.<\/p>\n<p>Mme Elek est tr\u00e8s \u00e9logieuse envers la psychiatre qui l\u2019a soign\u00e9e pendant six ans, qui a \u00e9t\u00e9 une inspiration pour elle.<\/p>\n<p style=\"text-align: right;\"><b><i>\u00ab <\/i><\/b><b><i>Dre<\/i><\/b><b><i> Lemire a \u00e9t\u00e9 une personne tr\u00e8s significative pour moi. Elle m\u2019a donn\u00e9 du r\u00e9confort. On a d\u00e9velopp\u00e9 une relation de confiance. <\/i><\/b><b><i>Elle m\u2019a aid\u00e9e \u00e0 accepter ma maladie, certaines limites. J\u2019avais son \u00e9coute, son attention. C\u2019\u00e9tait ma motivation \u00e0 aller bien \u00bb, relate-t-elle.<\/i><\/b><\/p>\n<p>Actuellement, le suivi avec Dre Lemire est termin\u00e9. Mme Elek a re\u00e7u beaucoup d\u2019outils pour pouvoir fonctionner seule.<\/p>\n<p>Elle est aussi tr\u00e8s \u00e9logieuse envers Marie-\u00c8ve, son \u00e9ducatrice sp\u00e9cialis\u00e9e, qui l\u2019accompagnait dans ses petites victoires qui sont devenues au fil du temps d\u2019immenses accomplissements.<\/p>\n<p style=\"text-align: right;\"><b><i>\u00ab Elle a \u00e9t\u00e9 tr\u00e8s bonne. Elle a toujours respect\u00e9 mon rythme, m\u2019a toujours encourag\u00e9e. J\u2019ai toujours senti beaucoup de confiance de sa part pour que je puisse \u00e9voluer sur le chemin du r\u00e9tablissement. C\u2019est une personne \u00e0 qui je pouvais parler et qui m\u2019a permis d\u2019\u00e9voluer. \u00bb<\/i><\/b><\/p>\n<p>En effet, soutenir le d\u00e9veloppement de la confiance en soi chez un patient consiste pour les intervenants \u00e0 :<\/p>\n<ul>\n<li>Souligner l\u2019encouragement offert par des accomplissements positifs;<\/li>\n<li>Valoriser la pers\u00e9v\u00e9rance du patient dans l\u2019atteinte de ses objectifs personnels;<\/li>\n<li>Favoriser la capacit\u00e9 d\u2019introspection de la personne. (1)<\/li>\n<\/ul>\n<p><b>Des gestes porteurs d&rsquo;espoir<br \/>\n<\/b>\u00ab\u00a0On a un r\u00f4le de porteurs d\u2019espoir\u00a0\u00bb, illustre l\u2019intervenante Marie-\u00c8ve B\u00e9langer.<\/p>\n<p style=\"text-align: right;\"><b><i>\u00ab\u00a0Quand on a un probl\u00e8me de sant\u00e9 mentale, on est dans le noir, on se sent seul, on ne voit pas d\u2019issue. Notre r\u00f4le, c\u2019est de partir de ce que la personne souhaite am\u00e9liorer dans sa vie, de l\u2019encourager tout en \u00e9tant r\u00e9alistes et de faire confiance \u00e0 son patient, \u00e0 ses capacit\u00e9s de retrouver une vie meilleure.\u00a0\u00bb<\/i><\/b><\/p>\n<p>Car les patients sont libres de recourir ou non aux services du Soutien d\u2019intensit\u00e9 variable, ajoute-t-elle. \u00ab\u00a0On n\u2019est pas l\u00e0 pour obliger la personne. On travaille avec elle, on cr\u00e9e des liens en respectant son rythme\u00a0\u00bb, explique-t-elle.<\/p>\n<p>Catherine a travaill\u00e9 tr\u00e8s fort \u00e0 son r\u00e9tablissement. \u00ab\u00a0Elle voulait toujours se d\u00e9passer, avancer. Elle \u00e9tait toujours pr\u00e9sente \u00e0 ses rendez-vous, volontaire, collaboratrice, ouverte et honn\u00eate quant aux d\u00e9fis \u00e0 relever\u00a0\u00bb, observe l\u2019\u00e9ducatrice sp\u00e9cialis\u00e9e.<\/p>\n<p>Aujourd\u2019hui, Catherine est non seulement capable de s\u2019occuper d\u2019elle-m\u00eame, mais elle prend soin des autres. Elle a appris \u00e0 mettre ses limites. Elle aimerait redonner ce qu\u2019elle a re\u00e7u en devenant pair aidante aupr\u00e8s des gens qui ont des probl\u00e8mes de sant\u00e9 mentale.<\/p>\n<p style=\"text-align: right;\"><b><i>\u00ab\u00a0J\u2019ai toujours eu l\u2019espoir en dedans, relate Mme <\/i><\/b><b><i>Elek<\/i><\/b><b><i>.<br \/>\n<\/i><\/b><b><i>M\u00eame si parfois j\u2019\u00e9tais un peu d\u00e9courag\u00e9e, je gardais toujours cette flamme de retrouver la <\/i><\/b><b><i>qualit\u00e9 de vie que j\u2019avais eue avant. Je suis fi\u00e8re de ce que j\u2019ai r\u00e9ussi pour g\u00e9rer la maladie gr\u00e2ce \u00e0 ma force int\u00e9rieure, ma r\u00e9silience, mon<br \/>\npositivisme et l\u2019aide que j\u2019ai re\u00e7ue de Marie-\u00c8ve, de <\/i><\/b><b><i>Dre<\/i><\/b><b><i> Lemire et de mon psychologue Claude Cadieux\u00a0\u00bb, fait-elle valoir.<\/i><\/b><\/p>\n<p><b>Un partenariat de soins en sant\u00e9 mentale<br \/>\n<\/b>*Le soutien d\u2019intensit\u00e9 variable (SIV) est un service de sant\u00e9 mentale de premi\u00e8re ligne offert dans le milieu de vie des personnes. Que ce soit \u00e0 la maison, \u00e0 l\u2019\u00e9cole, au travail, etc., les interventions du SIV aident les personnes \u00e0 d\u00e9velopper leurs aptitudes individuelles afin d\u2019accro\u00eetre leur autonomie et d\u2019am\u00e9liorer leur condition. Ce service permet d\u2019intervenir rapidement en cas de besoin afin de s\u2019assurer que l\u2019\u00e9tat de la personne reste stable ou s\u2019am\u00e9liore (2).<\/p>\n<p>Les soins et services en sant\u00e9 mentale se fondent sur des pratiques collaboratives qui impliquent des intervenants de sp\u00e9cialit\u00e9s et de disciplines diff\u00e9rentes qui travaillent ensemble \u00e0 offrir des services compl\u00e9mentaires aux patients (3).<\/p>\n<p>Ces soins sous-tendent \u00e9galement la notion de partenariat de soins qui se d\u00e9finit comme une relation de coop\u00e9ration\/collaboration entre le patient, ses proches et les intervenants (cliniciens, gestionnaires ou autres) qu\u2019il rencontre. C\u2019est un processus dynamique d\u2019interactions et d\u2019apprentissages qui favorise l\u2019autod\u00e9termination du patient, une prise de d\u00e9cisions libres et \u00e9clair\u00e9es et l\u2019atteinte de r\u00e9sultats de sant\u00e9 optimaux (4).<\/p>\n<p>De plus, dans leur approche th\u00e9rapeutique avec les patients en sant\u00e9 mentale, de nombreux intervenants utilisent l\u2019approche de l\u2019entretien motivationnel dont les principes sont :<\/p>\n<ol>\n<li>exprimer l\u2019empathie;<\/li>\n<li>nommer les divergences;<\/li>\n<li>\u00e9viter l\u2019argumentation;<\/li>\n<li>\u00eatre \u00e0 l\u2019aise avec la r\u00e9sistance exprim\u00e9e;<\/li>\n<li>soutenir l\u2019autoefficacit\u00e9 (de la personne) \u00bb (5).<\/li>\n<\/ol>\n<p><a href=\"https:\/\/santemc.quebec\/santemc\/icentre\/wp-content\/uploads\/2019\/09\/RubriqueNo2_v3.pdf\" target=\"_blank\" rel=\"noopener noreferrer\">Version PDF du bulletin<\/a><\/p>\n<p>(1) White, Krista. A, Self-confidence, a concept analysis, Nursing Forum, 2009<br \/>\n(2) CSSS de la Pointe-de-L\u2019\u00cele, Le soutien d\u2019intensit\u00e9 variable, un service en sant\u00e9 mentale de premi\u00e8re ligne implant\u00e9 dans sa communaut\u00e9, 2012<br \/>\n(3) Faire ensemble et autrement, Plan d\u2019action en sant\u00e9 mentale 2015-2020, minist\u00e8re de la Sant\u00e9 et des Services sociaux, 2017<br \/>\n(4) Direction Collaboration et Partenariat Patient (DCPP) (2014). Programme Partenaires de soins : rapport d\u2019\u00e9tape (2011-2013) et perspectives. Montr\u00e9al : Universit\u00e9 de Montr\u00e9al.<br \/>\n(5) Schoo, Adrian, Lawn Sharon, Supporting self-management of chronic health conditions : Common approaches, Flinders University, June 2009.<\/p>\n<p>&nbsp;<\/p>\n","protected":false},"excerpt":{"rendered":"<p>Les patients ont beaucoup \u00e0 nous apprendre. En donnant la parole aux patients partenaires de leurs soins, cette rubrique veut faire conna\u00eetre des histoires inspirantes et des gestes qui font la diff\u00e9rence dans la vie des personnes qui affrontent la &hellip; <a href=\"https:\/\/santemc.quebec\/icentre\/echo-de-nos-patients-temoignage-dune-combattante-contre-le-cancer-copy\/\">Continuer la lecture <span class=\"meta-nav\">&rarr;<\/span><\/a><\/p>\n","protected":false},"author":9,"featured_media":0,"comment_status":"open","ping_status":"closed","sticky":false,"template":"","format":"standard","meta":{"footnotes":""},"categories":[1],"tags":[100],"_links":{"self":[{"href":"https:\/\/santemc.quebec\/icentre\/wp-json\/wp\/v2\/posts\/144990"}],"collection":[{"href":"https:\/\/santemc.quebec\/icentre\/wp-json\/wp\/v2\/posts"}],"about":[{"href":"https:\/\/santemc.quebec\/icentre\/wp-json\/wp\/v2\/types\/post"}],"author":[{"embeddable":true,"href":"https:\/\/santemc.quebec\/icentre\/wp-json\/wp\/v2\/users\/9"}],"replies":[{"embeddable":true,"href":"https:\/\/santemc.quebec\/icentre\/wp-json\/wp\/v2\/comments?post=144990"}],"version-history":[{"count":4,"href":"https:\/\/santemc.quebec\/icentre\/wp-json\/wp\/v2\/posts\/144990\/revisions"}],"predecessor-version":[{"id":148171,"href":"https:\/\/santemc.quebec\/icentre\/wp-json\/wp\/v2\/posts\/144990\/revisions\/148171"}],"wp:attachment":[{"href":"https:\/\/santemc.quebec\/icentre\/wp-json\/wp\/v2\/media?parent=144990"}],"wp:term":[{"taxonomy":"category","embeddable":true,"href":"https:\/\/santemc.quebec\/icentre\/wp-json\/wp\/v2\/categories?post=144990"},{"taxonomy":"post_tag","embeddable":true,"href":"https:\/\/santemc.quebec\/icentre\/wp-json\/wp\/v2\/tags?post=144990"}],"curies":[{"name":"wp","href":"https:\/\/api.w.org\/{rel}","templated":true}]}}