{"id":145608,"date":"2019-09-09T11:34:38","date_gmt":"2019-09-09T15:34:38","guid":{"rendered":"http:\/\/santemc.quebec\/icentre\/?p=145608"},"modified":"2019-09-09T11:41:19","modified_gmt":"2019-09-09T15:41:19","slug":"la-17e-journee-mondiale-de-la-prevention-du-suicide-se-tiendra-le-10-septembre","status":"publish","type":"post","link":"https:\/\/santemc.quebec\/icentre\/la-17e-journee-mondiale-de-la-prevention-du-suicide-se-tiendra-le-10-septembre\/","title":{"rendered":"La 17e Journ\u00e9e mondiale de la pr\u00e9vention du suicide se tiendra le 10 septembre"},"content":{"rendered":"<p><a href=\"https:\/\/santemc.quebec\/santemc\/icentre\/wp-content\/uploads\/2019\/09\/visuel_semaine_prevention_suicide-1.png\"><img decoding=\"async\" loading=\"lazy\" class=\"alignright wp-image-145650 size-full\" src=\"https:\/\/santemc.quebec\/santemc\/icentre\/wp-content\/uploads\/2019\/09\/visuel_semaine_prevention_suicide-1.png\" alt=\"\" width=\"960\" height=\"120\" srcset=\"https:\/\/santemc.quebec\/santemc\/icentre\/wp-content\/uploads\/2019\/09\/visuel_semaine_prevention_suicide-1.png 960w, https:\/\/santemc.quebec\/santemc\/icentre\/wp-content\/uploads\/2019\/09\/visuel_semaine_prevention_suicide-1-300x38.png 300w, https:\/\/santemc.quebec\/santemc\/icentre\/wp-content\/uploads\/2019\/09\/visuel_semaine_prevention_suicide-1-768x96.png 768w, https:\/\/santemc.quebec\/santemc\/icentre\/wp-content\/uploads\/2019\/09\/visuel_semaine_prevention_suicide-1-500x63.png 500w\" sizes=\"(max-width: 960px) 100vw, 960px\" \/><\/a><\/p>\n<p>Initiative de l\u2019Association internationale pour la pr\u00e9vention du suicide, en collaboration avec l\u2019OMS, cet \u00e9v\u00e9nement a pour but de sensibiliser toute la population \u00e0 l\u2019ampleur du probl\u00e8me et aux fa\u00e7ons de le pr\u00e9venir. Chaque ann\u00e9e, il y a 800 000 suicides dans le monde, dont 1 100 au Qu\u00e9bec et chacun d\u2019eux a de lourdes cons\u00e9quences.<\/p>\n<p><!--more--><\/p>\n<p>Ayant pour th\u00e8me cette ann\u00e9e \u00ab Travaillons ensemble pour pr\u00e9venir le suicide \u00bb, cette journ\u00e9e sera l\u2019occasion de poser des actions collectives et individuelles qui poursuivent un objectif commun\u00a0: r\u00e9duire les d\u00e9c\u00e8s par suicide. Les gestes sont plus efficaces lorsque nous sommes nombreux \u00e0 les poser et c\u2019est pourquoi les familles, les amis, les coll\u00e8gues et les professionnels de la sant\u00e9 peuvent tous \u00e0 leur fa\u00e7on avoir un impact sur les personnes en d\u00e9tresse.<\/p>\n<p><strong>Vous voulez souligner l\u2019\u00e9v\u00e9nement?<br \/>\n<\/strong>Nous vous invitons \u00e0 visiter le site de l\u2019Association qu\u00e9b\u00e9coise de pr\u00e9vention du suicide (AQPS) afin de conna\u00eetre les gestes de soutien que vous pouvez poser pour d\u00e9montrer votre appui \u00e0 la cause\u00a0:<\/p>\n<p><a href=\"https:\/\/www.aqps.info\/journeemondiale\/\" target=\"_blank\" rel=\"noopener noreferrer\">https:\/\/www.aqps.info\/journeemondiale\/<\/a><\/p>\n<p><strong>Autres sites d\u2019information<\/strong><\/p>\n<p><a href=\"https:\/\/www.quebec.ca\/sante\/conseils-et-prevention\/sante-mentale\/prevenir-le-suicide\" target=\"_blank\" rel=\"noopener noreferrer\">https:\/\/www.quebec.ca\/sante\/conseils-et-prevention\/sante-mentale\/prevenir-le-suicide<\/a><\/p>\n<p><a href=\"https:\/\/suicideprevention.ca\/\" target=\"_blank\" rel=\"noopener noreferrer\">https:\/\/suicideprevention.ca<\/a><\/p>\n<p><a href=\"https:\/\/ampq.org\/la-psychiatrie\/prevention-du-suicide-2\" target=\"_blank\" rel=\"noopener noreferrer\">https:\/\/ampq.org\/la-psychiatrie\/prevention-du-suicide-2<\/a><\/p>\n<p><strong>Vous avez besoin d\u2019aide?\u00a0\u00a0 Que ce soit pour les usagers, leurs proches ou vous-m\u00eame\u00a0:<\/strong><\/p>\n<ul>\n<li><strong>1\u00a0866 APPELLE (1\u00a0866\u00a0277-3553 &#8211; sans frais)<\/strong><\/li>\n<li><strong>RLS du Haut-Richelieu\u2013Rouville <\/strong><\/li>\n<\/ul>\n<p>Le Centre de crise et de pr\u00e9vention du suicide du Haut-Richelieu-Rouville<br \/>\nLigne d&rsquo;intervention : 450 348-6300 (24\/7)<\/p>\n<p><a href=\"http:\/\/www.ccpshrr.ca\" target=\"_blank\" rel=\"noopener noreferrer\">http:\/\/www.ccpshrr.ca<\/a><\/p>\n<ul>\n<li><strong>RLS de Champlain<\/strong><\/li>\n<\/ul>\n<p>Le Centre de crise L\u2019Acc\u00e8s de Longueuil<\/p>\n<p>Ligne d\u2019intervention\u00a0: 450\u00a0679-8689<\/p>\n<p><a href=\"https:\/\/www.centredecrise.ca\/lacces\" target=\"_blank\" rel=\"noopener noreferrer\">https:\/\/www.centredecrise.ca\/lacces<\/a><\/p>\n","protected":false},"excerpt":{"rendered":"<p>Initiative de l\u2019Association internationale pour la pr\u00e9vention du suicide, en collaboration avec l\u2019OMS, cet \u00e9v\u00e9nement a pour but de sensibiliser toute la population \u00e0 l\u2019ampleur du probl\u00e8me et aux fa\u00e7ons de le pr\u00e9venir. Chaque ann\u00e9e, il y a 800 000 &hellip; <a href=\"https:\/\/santemc.quebec\/icentre\/la-17e-journee-mondiale-de-la-prevention-du-suicide-se-tiendra-le-10-septembre\/\">Continuer la lecture <span class=\"meta-nav\">&rarr;<\/span><\/a><\/p>\n","protected":false},"author":9,"featured_media":0,"comment_status":"open","ping_status":"closed","sticky":false,"template":"","format":"standard","meta":{"footnotes":""},"categories":[1],"tags":[],"_links":{"self":[{"href":"https:\/\/santemc.quebec\/icentre\/wp-json\/wp\/v2\/posts\/145608"}],"collection":[{"href":"https:\/\/santemc.quebec\/icentre\/wp-json\/wp\/v2\/posts"}],"about":[{"href":"https:\/\/santemc.quebec\/icentre\/wp-json\/wp\/v2\/types\/post"}],"author":[{"embeddable":true,"href":"https:\/\/santemc.quebec\/icentre\/wp-json\/wp\/v2\/users\/9"}],"replies":[{"embeddable":true,"href":"https:\/\/santemc.quebec\/icentre\/wp-json\/wp\/v2\/comments?post=145608"}],"version-history":[{"count":4,"href":"https:\/\/santemc.quebec\/icentre\/wp-json\/wp\/v2\/posts\/145608\/revisions"}],"predecessor-version":[{"id":145651,"href":"https:\/\/santemc.quebec\/icentre\/wp-json\/wp\/v2\/posts\/145608\/revisions\/145651"}],"wp:attachment":[{"href":"https:\/\/santemc.quebec\/icentre\/wp-json\/wp\/v2\/media?parent=145608"}],"wp:term":[{"taxonomy":"category","embeddable":true,"href":"https:\/\/santemc.quebec\/icentre\/wp-json\/wp\/v2\/categories?post=145608"},{"taxonomy":"post_tag","embeddable":true,"href":"https:\/\/santemc.quebec\/icentre\/wp-json\/wp\/v2\/tags?post=145608"}],"curies":[{"name":"wp","href":"https:\/\/api.w.org\/{rel}","templated":true}]}}