{"id":145882,"date":"2019-09-11T08:29:53","date_gmt":"2019-09-11T12:29:53","guid":{"rendered":"http:\/\/santemc.quebec\/icentre\/?p=145882"},"modified":"2019-09-11T09:40:33","modified_gmt":"2019-09-11T13:40:33","slug":"de-laide-pour-les-organismes-communautaires-en-monteregie","status":"publish","type":"post","link":"https:\/\/santemc.quebec\/icentre\/de-laide-pour-les-organismes-communautaires-en-monteregie\/","title":{"rendered":"De l\u2019aide pour les organismes communautaires en Mont\u00e9r\u00e9gie"},"content":{"rendered":"<div id=\"attachment_145884\" style=\"width: 310px\" class=\"wp-caption alignleft\"><a href=\"https:\/\/santemc.quebec\/santemc\/icentre\/wp-content\/uploads\/2019\/09\/photo_organismes_2.jpg\"><img aria-describedby=\"caption-attachment-145884\" decoding=\"async\" loading=\"lazy\" class=\"wp-image-145884 size-medium\" src=\"https:\/\/santemc.quebec\/santemc\/icentre\/wp-content\/uploads\/2019\/09\/photo_organismes_2-300x205.jpg\" alt=\"\" width=\"300\" height=\"205\" srcset=\"https:\/\/santemc.quebec\/santemc\/icentre\/wp-content\/uploads\/2019\/09\/photo_organismes_2-300x205.jpg 300w, https:\/\/santemc.quebec\/santemc\/icentre\/wp-content\/uploads\/2019\/09\/photo_organismes_2-768x524.jpg 768w, https:\/\/santemc.quebec\/santemc\/icentre\/wp-content\/uploads\/2019\/09\/photo_organismes_2-1024x699.jpg 1024w, https:\/\/santemc.quebec\/santemc\/icentre\/wp-content\/uploads\/2019\/09\/photo_organismes_2-439x300.jpg 439w, https:\/\/santemc.quebec\/santemc\/icentre\/wp-content\/uploads\/2019\/09\/photo_organismes_2.jpg 1280w\" sizes=\"(max-width: 300px) 100vw, 300px\" \/><\/a><p id=\"caption-attachment-145884\" class=\"wp-caption-text\">La ministre de la Sant\u00e9 et des Services sociaux, le ministre responsable de la Mont\u00e9r\u00e9gie, entour\u00e9s des trois PDG des CISSS de la Mont\u00e9r\u00e9gie, de d\u00e9put\u00e9s de la Mont\u00e9r\u00e9gie et de membres de la Table r\u00e9gionale des organismes communautaires.<\/p><\/div>\n<p>Les organismes communautaires en sant\u00e9 et services sociaux de la r\u00e9gion b\u00e9n\u00e9ficieront d\u2019une hausse du financement qui leur est accord\u00e9.<\/p>\n<p><!--more--><\/p>\n<p>La ministre de la Sant\u00e9 et des Services sociaux, Danielle McCann, en a fait l\u2019annonce lundi dans une de nos installations de Longueuil. Pour l\u2019occasion, elle \u00e9tait accompagn\u00e9e du ministre responsable de la r\u00e9gion de la Mont\u00e9r\u00e9gie, Christian Dub\u00e9, et des trois pr\u00e9sidents-directeurs g\u00e9n\u00e9raux des CISSS de la Mont\u00e9r\u00e9gie. Des membres de la Table r\u00e9gionale des organismes communautaires de la Mont\u00e9r\u00e9gie, qui repr\u00e9sentent plusieurs organismes de la r\u00e9gion \u00e9taient \u00e9galement pr\u00e9sents.<\/p>\n<p>Ainsi, le milieu communautaire de la Mont\u00e9r\u00e9gie se voit octroyer une aide financi\u00e8re r\u00e9currente suppl\u00e9mentaire de pr\u00e8s de 4 M$, qui vient s\u2019ajouter au montant de 66,6 M$ d\u00e9j\u00e0 allou\u00e9 annuellement dans le cadre du Programme de soutien aux organismes communautaires (PSOC).<\/p>\n<p>Ce rehaussement permettra de r\u00e9pondre aux besoins prioritaires des organismes, en augmentant leur capacit\u00e9 \u00e0 faire face notamment aux demandes croissantes ou aux d\u00e9fis particuliers. La liste des organismes qui verront leur financement \u00eatre augment\u00e9 sera connue cet automne.<\/p>\n<p>L\u2019an dernier, ce sont 380 organismes qui ont \u00e9t\u00e9 financ\u00e9s sur le territoire de la Mont\u00e9r\u00e9gie gr\u00e2ce \u00e0 ce programme. Ces organismes interviennent dans le cadre de diverses probl\u00e9matiques telles que la perte d\u2019autonomie li\u00e9e au vieillissement, le cancer, la sant\u00e9 mentale, la d\u00e9pendance et l\u2019itin\u00e9rance.<\/p>\n","protected":false},"excerpt":{"rendered":"<p>Les organismes communautaires en sant\u00e9 et services sociaux de la r\u00e9gion b\u00e9n\u00e9ficieront d\u2019une hausse du financement qui leur est accord\u00e9.<\/p>\n","protected":false},"author":9,"featured_media":0,"comment_status":"open","ping_status":"closed","sticky":false,"template":"","format":"standard","meta":{"footnotes":""},"categories":[1],"tags":[],"_links":{"self":[{"href":"https:\/\/santemc.quebec\/icentre\/wp-json\/wp\/v2\/posts\/145882"}],"collection":[{"href":"https:\/\/santemc.quebec\/icentre\/wp-json\/wp\/v2\/posts"}],"about":[{"href":"https:\/\/santemc.quebec\/icentre\/wp-json\/wp\/v2\/types\/post"}],"author":[{"embeddable":true,"href":"https:\/\/santemc.quebec\/icentre\/wp-json\/wp\/v2\/users\/9"}],"replies":[{"embeddable":true,"href":"https:\/\/santemc.quebec\/icentre\/wp-json\/wp\/v2\/comments?post=145882"}],"version-history":[{"count":6,"href":"https:\/\/santemc.quebec\/icentre\/wp-json\/wp\/v2\/posts\/145882\/revisions"}],"predecessor-version":[{"id":146208,"href":"https:\/\/santemc.quebec\/icentre\/wp-json\/wp\/v2\/posts\/145882\/revisions\/146208"}],"wp:attachment":[{"href":"https:\/\/santemc.quebec\/icentre\/wp-json\/wp\/v2\/media?parent=145882"}],"wp:term":[{"taxonomy":"category","embeddable":true,"href":"https:\/\/santemc.quebec\/icentre\/wp-json\/wp\/v2\/categories?post=145882"},{"taxonomy":"post_tag","embeddable":true,"href":"https:\/\/santemc.quebec\/icentre\/wp-json\/wp\/v2\/tags?post=145882"}],"curies":[{"name":"wp","href":"https:\/\/api.w.org\/{rel}","templated":true}]}}