{"id":145924,"date":"2019-09-11T08:30:08","date_gmt":"2019-09-11T12:30:08","guid":{"rendered":"http:\/\/santemc.quebec\/icentre\/?p=145924"},"modified":"2019-09-11T16:10:34","modified_gmt":"2019-09-11T20:10:34","slug":"bulletin-dinformation-no-1-demarche-agrement-copy","status":"publish","type":"post","link":"https:\/\/santemc.quebec\/icentre\/bulletin-dinformation-no-1-demarche-agrement-copy\/","title":{"rendered":"Bulletin d&rsquo;information no 2 : d\u00e9marche Agr\u00e9ment"},"content":{"rendered":"<p><a href=\"http:\/\/santemc.quebec\/santemc\/icentre\/wp-content\/uploads\/2019\/07\/entete_bulletin_Agrement.jpg\"><img decoding=\"async\" loading=\"lazy\" class=\"alignnone wp-image-60811 size-full\" src=\"http:\/\/santemc.quebec\/santemc\/icentre\/wp-content\/uploads\/2019\/07\/entete_bulletin_Agrement.jpg\" alt=\"\" width=\"1234\" height=\"246\" srcset=\"https:\/\/santemc.quebec\/santemc\/icentre\/wp-content\/uploads\/2019\/07\/entete_bulletin_Agrement.jpg 1234w, https:\/\/santemc.quebec\/santemc\/icentre\/wp-content\/uploads\/2019\/07\/entete_bulletin_Agrement-300x60.jpg 300w, https:\/\/santemc.quebec\/santemc\/icentre\/wp-content\/uploads\/2019\/07\/entete_bulletin_Agrement-768x153.jpg 768w, https:\/\/santemc.quebec\/santemc\/icentre\/wp-content\/uploads\/2019\/07\/entete_bulletin_Agrement-1024x204.jpg 1024w, https:\/\/santemc.quebec\/santemc\/icentre\/wp-content\/uploads\/2019\/07\/entete_bulletin_Agrement-500x100.jpg 500w\" sizes=\"(max-width: 1234px) 100vw, 1234px\" \/><\/a><\/p>\n<p><strong><span style=\"color: #e7242a;\">Des nouvelles de la d\u00e9marche&#8230;<br \/>\n<\/span><\/strong><\/p>\n<ul>\n<li><b>La <\/b><b>visite d\u2019Agr\u00e9ment Canada arrive tr\u00e8s <\/b><b>bient\u00f4t!<\/b><\/li>\n<li>Les trajectoires de soins et de services vis\u00e9es par l\u2019Agr\u00e9ment, en 2018-2019 (Gouvernance, Leadership, Sant\u00e9 publique, Jeunesse, Sant\u00e9 mentale, Gestion des m\u00e9dicaments, Pr\u00e9vention des infections et Retraitement des dispositifs m\u00e9dicaux), viennent de vivre leur deuxi\u00e8me simulation d\u2019une visite d\u2019Agr\u00e9ment.<\/li>\n<li>Les trajectoires visit\u00e9es en 2019-2020, Sant\u00e9 physique et Services g\u00e9n\u00e9raux, d\u00e9butent leurs travaux.<\/li>\n<\/ul>\n<p><!--more--><\/p>\n<p>Les \u00e9quipes sont \u00e0 pied d\u2019\u0153uvre depuis plusieurs semaines d\u00e9j\u00e0 et ont compl\u00e9t\u00e9 plusieurs \u00e9tapes essentielles, entre autres, l\u2019auto\u00e9valuation, la r\u00e9daction de plans d\u2019am\u00e9lioration, la validation des preuves d\u00e9pos\u00e9es et m\u00eame une premi\u00e8re simulation de visite.<\/p>\n<p><strong><span style=\"color: #e7242a;\">Concr\u00e8tement, pour vous&#8230;<br \/>\n<\/span><\/strong><b>La <\/b><b>d\u00e9marche <\/b><b>d\u2019Agr\u00e9ment <\/b><b>concerne toute l\u2019organisation. <\/b><\/p>\n<p>Il importe que l\u2019\u00e9tablissement soit pr\u00eat au moment des rencontres (par exemple : \u00e9viter l&rsquo;encombrement des lieux, porter la carte d\u2019employ\u00e9).<\/p>\n<p><b>Lors des visites <\/b><b>d\u2019Agr\u00e9ment <\/b><b>Canada, <\/b>le personnel et les usagers seront rencontr\u00e9s par les visiteurs.<\/p>\n<p>Ils pourront poser des questions sur l\u2019hygi\u00e8ne des mains, la double identification ou la d\u00e9claration des incidents\/accidents, par exemple.<\/p>\n<p><strong><span style=\"color: #e7242a;\">Prochaines \u00e9tapes<br \/>\n<\/span><\/strong>La <b>premi\u00e8re visite <\/b>de l\u2019organisation par les visiteurs d\u2019Agr\u00e9ment Canada aura lieu du <b>29 septembre au 4 octobre 2019<\/b>.<\/p>\n<p>Consultez l\u2019encadr\u00e9 <b>\u00ab Concr\u00e8tement<\/b><b>, pour <\/b><b>vous \u00bb <\/b>qui pr\u00e9cise le r\u00f4le que vous pourriez avoir \u00e0 jouer dans cette premi\u00e8re visite.<\/p>\n<p>La prochaine phase de la d\u00e9marche d\u2019Agr\u00e9ment touchera les trajectoires Sant\u00e9 physique et Services g\u00e9n\u00e9raux.<\/p>\n<p>La visite est pr\u00e9vue du <b>27 septembre au 2 octobre 2020<\/b>.<\/p>\n<p><strong><span style=\"color: #e7242a;\">Saviez-vous que&#8230;<br \/>\n<\/span><\/strong>Des visiteurs \u00e9valueront les services de sant\u00e9 du CISSSMC sur la base de <b>normes pancanadiennes d\u2019excellence<\/b>.<\/p>\n<p>Ces visiteurs sont des professionnels de la sant\u00e9 et des administrateurs provenant d\u2019organismes de sant\u00e9 agr\u00e9\u00e9s.<\/p>\n<p>Apr\u00e8s la visite, les visiteurs remettent un rapport \u00e0 l\u2019\u00e9tablissement et \u00e0 Agr\u00e9ment Canada. Ce dernier \u00e9tudiera le rapport et communiquera au CISSSMC une d\u00e9cision en lien avec l\u2019Agr\u00e9ment.<\/p>\n<p><b>Le <\/b><b>r\u00e9sultat final ne sera connu que dans cinq <\/b><b>ans, <\/b>soit lorsque tous les secteurs auront \u00e9t\u00e9 \u00e9valu\u00e9s. Toutefois, des r\u00e9sultats partiels seront communiqu\u00e9s apr\u00e8s chaque visite pour souligner les points forts, ainsi que pour sugg\u00e9rer des pistes d\u2019am\u00e9lioration.<\/p>\n<p><a href=\"https:\/\/santemc.quebec\/santemc\/icentre\/wp-content\/uploads\/2019\/09\/20190911.BulletinAgrementNo2-1.pdf\" target=\"_blank\" rel=\"noopener noreferrer\">Version PDF pour impression et affichage dans vos secteurs<\/a><\/p>\n<p>Pour tout savoir de la d\u00e9marche Agr\u00e9ment au CISSSMC, visitez le<br \/>\n<a href=\"http:\/\/www.santemc.quebec\/agrement\" target=\"_blank\" rel=\"noopener noreferrer\">www.santemc.quebec\/agrement<\/a><\/p>\n<p>&nbsp;<\/p>\n","protected":false},"excerpt":{"rendered":"<p>Des nouvelles de la d\u00e9marche&#8230; La visite d\u2019Agr\u00e9ment Canada arrive tr\u00e8s bient\u00f4t! Les trajectoires de soins et de services vis\u00e9es par l\u2019Agr\u00e9ment, en 2018-2019 (Gouvernance, Leadership, Sant\u00e9 publique, Jeunesse, Sant\u00e9 mentale, Gestion des m\u00e9dicaments, Pr\u00e9vention des infections et Retraitement des &hellip; <a href=\"https:\/\/santemc.quebec\/icentre\/bulletin-dinformation-no-1-demarche-agrement-copy\/\">Continuer la lecture <span class=\"meta-nav\">&rarr;<\/span><\/a><\/p>\n","protected":false},"author":9,"featured_media":0,"comment_status":"open","ping_status":"closed","sticky":false,"template":"","format":"standard","meta":{"footnotes":""},"categories":[1],"tags":[],"_links":{"self":[{"href":"https:\/\/santemc.quebec\/icentre\/wp-json\/wp\/v2\/posts\/145924"}],"collection":[{"href":"https:\/\/santemc.quebec\/icentre\/wp-json\/wp\/v2\/posts"}],"about":[{"href":"https:\/\/santemc.quebec\/icentre\/wp-json\/wp\/v2\/types\/post"}],"author":[{"embeddable":true,"href":"https:\/\/santemc.quebec\/icentre\/wp-json\/wp\/v2\/users\/9"}],"replies":[{"embeddable":true,"href":"https:\/\/santemc.quebec\/icentre\/wp-json\/wp\/v2\/comments?post=145924"}],"version-history":[{"count":5,"href":"https:\/\/santemc.quebec\/icentre\/wp-json\/wp\/v2\/posts\/145924\/revisions"}],"predecessor-version":[{"id":146329,"href":"https:\/\/santemc.quebec\/icentre\/wp-json\/wp\/v2\/posts\/145924\/revisions\/146329"}],"wp:attachment":[{"href":"https:\/\/santemc.quebec\/icentre\/wp-json\/wp\/v2\/media?parent=145924"}],"wp:term":[{"taxonomy":"category","embeddable":true,"href":"https:\/\/santemc.quebec\/icentre\/wp-json\/wp\/v2\/categories?post=145924"},{"taxonomy":"post_tag","embeddable":true,"href":"https:\/\/santemc.quebec\/icentre\/wp-json\/wp\/v2\/tags?post=145924"}],"curies":[{"name":"wp","href":"https:\/\/api.w.org\/{rel}","templated":true}]}}