{"id":146685,"date":"2019-09-12T15:53:20","date_gmt":"2019-09-12T19:53:20","guid":{"rendered":"http:\/\/santemc.quebec\/icentre\/?p=146685"},"modified":"2019-09-12T15:54:24","modified_gmt":"2019-09-12T19:54:24","slug":"lancement-de-la-troisieme-edition-des-semaines-de-reconnaissance-presentation-de-la-programmation-2019","status":"publish","type":"post","link":"https:\/\/santemc.quebec\/icentre\/lancement-de-la-troisieme-edition-des-semaines-de-reconnaissance-presentation-de-la-programmation-2019\/","title":{"rendered":"Lancement de la troisi\u00e8me \u00e9dition des Semaines de reconnaissance : pr\u00e9sentation de la programmation 2019"},"content":{"rendered":"<p><a href=\"https:\/\/santemc.quebec\/santemc\/icentre\/wp-content\/uploads\/2019\/09\/Logo-reconnaissance.png\"><img decoding=\"async\" loading=\"lazy\" class=\"alignleft size-medium wp-image-146688\" src=\"https:\/\/santemc.quebec\/santemc\/icentre\/wp-content\/uploads\/2019\/09\/Logo-reconnaissance-300x268.png\" alt=\"\" width=\"300\" height=\"268\" srcset=\"https:\/\/santemc.quebec\/santemc\/icentre\/wp-content\/uploads\/2019\/09\/Logo-reconnaissance-300x268.png 300w, https:\/\/santemc.quebec\/santemc\/icentre\/wp-content\/uploads\/2019\/09\/Logo-reconnaissance-768x685.png 768w, https:\/\/santemc.quebec\/santemc\/icentre\/wp-content\/uploads\/2019\/09\/Logo-reconnaissance-1024x914.png 1024w, https:\/\/santemc.quebec\/santemc\/icentre\/wp-content\/uploads\/2019\/09\/Logo-reconnaissance-336x300.png 336w, https:\/\/santemc.quebec\/santemc\/icentre\/wp-content\/uploads\/2019\/09\/Logo-reconnaissance.png 1383w\" sizes=\"(max-width: 300px) 100vw, 300px\" \/><\/a>C\u2019est lundi prochain que d\u00e9butent officiellement les semaines de reconnaissance 2019 du CISSS de la Mont\u00e9r\u00e9gie-Centre! Ainsi, du 16 au 27 septembre, vous \u00eates invit\u00e9s \u00e0 participer aux diff\u00e9rentes activit\u00e9s offertes partout \u00e0 travers le CISSS! Sous la th\u00e9matique\u00a0 \u00ab la reconnaissance, c\u2019est naturel \u00bb, la campagne de cette ann\u00e9e se veut avant tout une occasion de mettre en lumi\u00e8re des gestes que vous posez spontan\u00e9ment et naturellement. Que ce soit par un merci ressenti, un sourire chaleureux ou encore un message personnalis\u00e9, vous \u00eates tous invit\u00e9s \u00e0 souligner le travail de vos coll\u00e8gues de la fa\u00e7on qui vous repr\u00e9sente le plus!<!--more--><\/p>\n<p><strong><u><br \/>\nNouveaut\u00e9 2019\u00a0: un tournoi de balle donn\u00e9e pour les employ\u00e9s!<\/u><\/strong><\/p>\n<p>Cette activit\u00e9 aura lieu le samedi 14 septembre \u00e0 Saint-Jean-sur-Richelieu. Rassemblant 10 \u00e9quipes de diff\u00e9rents secteurs de notre organisation, ce tournoi se veut une activit\u00e9 sportive rassembleuse et amicale. Les matchs seront disput\u00e9s sur trois terrains, mais la grande finale, pr\u00e9vue pour 17 h, aura lieu au terrain de baseball du C\u00e9gep de Saint-Jean-sur-Richelieu. Vous souhaitez conna\u00eetre les \u00e9quipes et l\u2019horaire complet du tournoi afin de venir encourager nos athl\u00e8tes? Visitez le <a href=\"http:\/\/www.santemc.quebec\/balledonnee\">www.santemc.quebec\/balledonnee<\/a><\/p>\n<p><strong><u>Des cartes personnalis\u00e9es, pour dire merci<\/u><\/strong><\/p>\n<p>De retour pour une troisi\u00e8me ann\u00e9e cons\u00e9cutive, les cartes de remerciements sont disponibles d\u00e8s maintenant. Nouveaut\u00e9 cette ann\u00e9e\u00a0: elles sont disponibles en format \u00e9lectronique! T\u00e9l\u00e9chargez celle de votre choix et ajoutez-y le message de votre choix destin\u00e9 \u00e0 un ou des coll\u00e8gues exceptionnels :<\/p>\n<ul>\n<li><a class=\"pdf\" href=\"https:\/\/santemc.quebec\/santemc\/icentre\/wp-content\/uploads\/2019\/09\/Carte_apprecie_le_temps.pdf\" target=\"_blank\" rel=\"noopener noreferrer\">Carte \u00ab J\u2019appr\u00e9cie le temps pass\u00e9 avec toi \u00bb<\/a><\/li>\n<li><a class=\"pdf\" href=\"https:\/\/santemc.quebec\/santemc\/icentre\/wp-content\/uploads\/2019\/09\/Carte_gestes_que_tu_poses.pdf\" target=\"_blank\" rel=\"noopener noreferrer\">Carte \u00ab Les gestes que tu poses m\u2019inspirent \u00bb<i class=\"fa fa-file-text\" title=\"(document t\u00e9l\u00e9chargeable)\"><\/i><\/a><\/li>\n<li><a class=\"pdf\" href=\"https:\/\/santemc.quebec\/santemc\/icentre\/wp-content\/uploads\/2019\/09\/Carte_Tu_remplis_ma_journee.pdf\" target=\"_blank\" rel=\"noopener noreferrer\">Carte \u00ab Tu remplis ma journ\u00e9e de bonheur \u00bb\u00a0<i class=\"fa fa-file-text\" title=\"(document t\u00e9l\u00e9chargeable)\"><\/i><\/a><\/li>\n<\/ul>\n<p>Arborant des visuels associ\u00e9s \u00e0 la nature, des cartes version papier seront \u00e9galement disponibles aupr\u00e8s de votre gestionnaire.<\/p>\n<p><strong><u>Retour des smoothies!<\/u><\/strong><\/p>\n<p>De plus, \u00e0 la suite du succ\u00e8s de l\u2019an dernier, les smoothies seront de retour en 2019. Un camion de rue ou un kiosque visitera plusieurs installations du territoire tandis que pour certaines installations, des smoothies embouteill\u00e9s seront livr\u00e9s entre le 16 et le 29 septembre afin qu\u2019un plus grand nombre d\u2019employ\u00e9s puissent profiter de cette collation sant\u00e9. Notez que les smoothies seront servis dans des verres r\u00e9utilisables \u00e0 conserver aux couleurs de la th\u00e9matique 2019. Pour consulter le calendrier de visite du camion de rue de smoothies, veuillez <a href=\"https:\/\/santemc.quebec\/santemc\/icentre\/wp-content\/uploads\/2019\/09\/Calendrier-de-pr\u00e9sence-du-camion-de-smoothies.pdf\" target=\"_blank\" rel=\"noopener noreferrer\">cliquer ici<\/a><\/p>\n<p><strong><u>Stands La Capitale<\/u><\/strong><\/p>\n<p>Au cours des deux semaines de reconnaissance, les conseillers de La Capitale, assureur de l\u2019administration publique, attitr\u00e9s au CISSS de la Mont\u00e9r\u00e9gie-Centre seront pr\u00e9sents dans certaines installations pour souligner votre travail et vous offrir des cadeaux. Tirage et cr\u00e8me glac\u00e9e sp\u00e9cialis\u00e9e seront au menu!\u00a0Par la m\u00eame occasion, vous pourrez en apprendre plus sur l\u2019offre de service de La Capitale.<\/p>\n<p>Horaire des stands\u00a0:<\/p>\n<ul>\n<li>H\u00f4pital Charles-Le Moyne : 19 septembre, de 7 h \u00e0 16 h 30<br \/>\n(*entr\u00e9e arri\u00e8re des employ\u00e9s OU sous-sol \u00e0 l&rsquo;avant des ascenseurs)<\/li>\n<li>H\u00f4pital du Haut-Richelieu : 20 septembre, de 7 h \u00e0 16 h 30<br \/>\n(*entr\u00e9e des employ\u00e9s, ext\u00e9rieur ou int\u00e9rieur)<\/li>\n<li>CHSLD Ste-Croix : 24 septembre, de 6 h 30 \u00e0 10 h 45 et de 13 h 30 \u00e0 16 h 45 (*entr\u00e9e arri\u00e8re des employ\u00e9s OU caf\u00e9t\u00e9ria vitr\u00e9e)<\/li>\n<li>CLSC Richelieu : 24 septembre, de 11 h 30 \u00e0 13 h<br \/>\n(*entr\u00e9e des employ\u00e9s ou cuisinette des employ\u00e9s)<\/li>\n<li>1255, Beauregard : 25 septembre, de 11 h 30 \u00e0 13 h<br \/>\n(*stationnement arri\u00e8re OU caf\u00e9t\u00e9ria)<\/li>\n<\/ul>\n<p><em>*Selon la temp\u00e9rature, les kiosques se d\u00e9rouleront \u00e0 l&rsquo;ext\u00e9rieur ou \u00e0 l&rsquo;int\u00e9rieur\u00a0<\/em><\/p>\n<p>En esp\u00e9rant que toutes ces activit\u00e9s vous permettent de passer un moment privil\u00e9gi\u00e9 en compagnie de vos coll\u00e8gues et gestionnaires!<\/p>\n<p>&nbsp;<\/p>\n","protected":false},"excerpt":{"rendered":"<p>C\u2019est lundi prochain que d\u00e9butent officiellement les semaines de reconnaissance 2019 du CISSS de la Mont\u00e9r\u00e9gie-Centre! Ainsi, du 16 au 27 septembre, vous \u00eates invit\u00e9s \u00e0 participer aux diff\u00e9rentes activit\u00e9s offertes partout \u00e0 travers le CISSS! Sous la th\u00e9matique\u00a0 \u00ab &hellip; <a href=\"https:\/\/santemc.quebec\/icentre\/lancement-de-la-troisieme-edition-des-semaines-de-reconnaissance-presentation-de-la-programmation-2019\/\">Continuer la lecture <span class=\"meta-nav\">&rarr;<\/span><\/a><\/p>\n","protected":false},"author":1,"featured_media":0,"comment_status":"open","ping_status":"closed","sticky":false,"template":"","format":"standard","meta":{"footnotes":""},"categories":[1],"tags":[],"_links":{"self":[{"href":"https:\/\/santemc.quebec\/icentre\/wp-json\/wp\/v2\/posts\/146685"}],"collection":[{"href":"https:\/\/santemc.quebec\/icentre\/wp-json\/wp\/v2\/posts"}],"about":[{"href":"https:\/\/santemc.quebec\/icentre\/wp-json\/wp\/v2\/types\/post"}],"author":[{"embeddable":true,"href":"https:\/\/santemc.quebec\/icentre\/wp-json\/wp\/v2\/users\/1"}],"replies":[{"embeddable":true,"href":"https:\/\/santemc.quebec\/icentre\/wp-json\/wp\/v2\/comments?post=146685"}],"version-history":[{"count":4,"href":"https:\/\/santemc.quebec\/icentre\/wp-json\/wp\/v2\/posts\/146685\/revisions"}],"predecessor-version":[{"id":146691,"href":"https:\/\/santemc.quebec\/icentre\/wp-json\/wp\/v2\/posts\/146685\/revisions\/146691"}],"wp:attachment":[{"href":"https:\/\/santemc.quebec\/icentre\/wp-json\/wp\/v2\/media?parent=146685"}],"wp:term":[{"taxonomy":"category","embeddable":true,"href":"https:\/\/santemc.quebec\/icentre\/wp-json\/wp\/v2\/categories?post=146685"},{"taxonomy":"post_tag","embeddable":true,"href":"https:\/\/santemc.quebec\/icentre\/wp-json\/wp\/v2\/tags?post=146685"}],"curies":[{"name":"wp","href":"https:\/\/api.w.org\/{rel}","templated":true}]}}