{"id":1470,"date":"2016-01-08T10:42:06","date_gmt":"2016-01-08T15:42:06","guid":{"rendered":"http:\/\/santemc.quebec\/icentre\/?p=1470"},"modified":"2016-01-08T15:43:57","modified_gmt":"2016-01-08T20:43:57","slug":"la-direction-de-sante-publique-bien-representee-aux-journees-annuelles-de-sante-publique-2015","status":"publish","type":"post","link":"https:\/\/santemc.quebec\/icentre\/la-direction-de-sante-publique-bien-representee-aux-journees-annuelles-de-sante-publique-2015\/","title":{"rendered":"La direction de sant\u00e9 publique de la Mont\u00e9r\u00e9gie, bien repr\u00e9sent\u00e9e aux Journ\u00e9es annuelles de sant\u00e9 publique"},"content":{"rendered":"<p>La direction de sant\u00e9 publique a brill\u00e9 l<img decoding=\"async\" loading=\"lazy\" class=\"alignleft\" src=\"http:\/\/comsante.uqam.ca\/upload\/images\/actualite\/Jasp2015.png\" alt=\"\" width=\"170\" height=\"83\" \/>ors derni\u00e8res journ\u00e9es annuelles de sant\u00e9 publique (JASP) qui se tenaient\u00a0en novembre dernier. Sur la\u00a0quarantaine de communications affich\u00e9es qui ont \u00e9t\u00e9 pr\u00e9sent\u00e9es lors de l&rsquo;\u00e9v\u00e9nement, six provenaient des \u00e9quipes de la Mont\u00e9r\u00e9gie et deux d&rsquo;entres-elles ont m\u00e9rit\u00e9 un prix.<!--more--><\/p>\n<p>Le premier prix, dans la cat\u00e9gorie \u00ab Pratiques \u00e9mergentes \u00bb, a \u00e9t\u00e9 remis \u00e0 Hawa Sissoko, Claire Dufresne, Julie Dufort, Mahmoud Khoda Veisi, Jean Beaudry, Catherine Risi, Nathalie Delalay et Jacques Ramsay pour l\u2019affiche <em><a href=\"http:\/\/jasp.inspq.qc.ca\/Data\/Sites\/1\/SharedFiles\/commaffichees\/cahier-communications-affichees-2015.pdf#page=53\" target=\"_blank\">Je bouge avec mon doc : projet de promotion de l\u2019activit\u00e9 physique<\/a>.<\/em><\/p>\n<p>Une mention sp\u00e9ciale du jury, dans la cat\u00e9gorie \u00ab Recherche et \u00e9valuation \u00bb, a \u00e9t\u00e9 remise \u00e0 David-Martin Milot, Julie Loslier et Kareen Nour pour l\u2019affiche <em><a href=\"http:\/\/jasp.inspq.qc.ca\/Data\/Sites\/1\/SharedFiles\/commaffichees\/cahier-communications-affichees-2015.pdf#page=31\" target=\"_blank\">\u00c9valuation de la pertinence d&rsquo;un service d&rsquo;injection supervis\u00e9e en Mont\u00e9r\u00e9gie<\/a>.<\/em><\/p>\n<p>Aussi, dans le cadre de l\u2019activit\u00e9 <em>\u00c0 la rencontre de la rel\u00e8ve<\/em>, les finissants \u00e0 la ma\u00eetrise en sant\u00e9 publique ont \u00e9t\u00e9 invit\u00e9s \u00e0 pr\u00e9senter leurs travaux. Quatre propositions \u00e9taient accept\u00e9es. De ces quatre, \u00a0trois provenaient de la Mont\u00e9r\u00e9gie. Il s\u2019agit de\u00a0:<\/p>\n<ul>\n<li>\u00c9lizabeth C\u00f4t\u00e9-Boileau, <em>Le partage des r\u00f4les et responsabilit\u00e9s en sant\u00e9 publique : Le temps d\u2019une r\u00e9flexion<\/em><\/li>\n<li>David-Martin Milot, \u00a0<em>\u00c9valuation de la pertinence d&rsquo;un service d&rsquo;injection supervis\u00e9e en Mont\u00e9r\u00e9gie<\/em><\/li>\n<li>Andr\u00e9anne Roy,\u00a0 <em>La prise en charge d\u2019une client\u00e8le : comprendre les facteurs facilitants et les barri\u00e8res des m\u00e9decins de famille ayant r\u00e9cemment amorc\u00e9 leur pratique<\/em><\/li>\n<\/ul>\n<p>Nous pouvons \u00eatre\u00a0tr\u00e8s fiers des r\u00e9alisations de nos \u00e9quipes et de nos \u00e9tudiants qui font honneur \u00e0 la Direction de sant\u00e9 publique ainsi qu&rsquo;\u00e0 toute notre organisation.<\/p>\n<p>&nbsp;<\/p>\n","protected":false},"excerpt":{"rendered":"<p>La direction de sant\u00e9 publique a brill\u00e9 lors derni\u00e8res journ\u00e9es annuelles de sant\u00e9 publique (JASP) qui se tenaient\u00a0en novembre dernier. Sur la\u00a0quarantaine de communications affich\u00e9es qui ont \u00e9t\u00e9 pr\u00e9sent\u00e9es lors de l&rsquo;\u00e9v\u00e9nement, six provenaient des \u00e9quipes de la Mont\u00e9r\u00e9gie et &hellip; <a href=\"https:\/\/santemc.quebec\/icentre\/la-direction-de-sante-publique-bien-representee-aux-journees-annuelles-de-sante-publique-2015\/\">Continuer la lecture <span class=\"meta-nav\">&rarr;<\/span><\/a><\/p>\n","protected":false},"author":1,"featured_media":0,"comment_status":"open","ping_status":"closed","sticky":false,"template":"","format":"standard","meta":{"footnotes":""},"categories":[1],"tags":[11],"_links":{"self":[{"href":"https:\/\/santemc.quebec\/icentre\/wp-json\/wp\/v2\/posts\/1470"}],"collection":[{"href":"https:\/\/santemc.quebec\/icentre\/wp-json\/wp\/v2\/posts"}],"about":[{"href":"https:\/\/santemc.quebec\/icentre\/wp-json\/wp\/v2\/types\/post"}],"author":[{"embeddable":true,"href":"https:\/\/santemc.quebec\/icentre\/wp-json\/wp\/v2\/users\/1"}],"replies":[{"embeddable":true,"href":"https:\/\/santemc.quebec\/icentre\/wp-json\/wp\/v2\/comments?post=1470"}],"version-history":[{"count":16,"href":"https:\/\/santemc.quebec\/icentre\/wp-json\/wp\/v2\/posts\/1470\/revisions"}],"predecessor-version":[{"id":1502,"href":"https:\/\/santemc.quebec\/icentre\/wp-json\/wp\/v2\/posts\/1470\/revisions\/1502"}],"wp:attachment":[{"href":"https:\/\/santemc.quebec\/icentre\/wp-json\/wp\/v2\/media?parent=1470"}],"wp:term":[{"taxonomy":"category","embeddable":true,"href":"https:\/\/santemc.quebec\/icentre\/wp-json\/wp\/v2\/categories?post=1470"},{"taxonomy":"post_tag","embeddable":true,"href":"https:\/\/santemc.quebec\/icentre\/wp-json\/wp\/v2\/tags?post=1470"}],"curies":[{"name":"wp","href":"https:\/\/api.w.org\/{rel}","templated":true}]}}