{"id":148445,"date":"2019-09-18T08:41:46","date_gmt":"2019-09-18T12:41:46","guid":{"rendered":"http:\/\/santemc.quebec\/icentre\/?p=148445"},"modified":"2019-09-18T08:45:03","modified_gmt":"2019-09-18T12:45:03","slug":"concours-les-visages-de-lallaitement-2-copy","status":"publish","type":"post","link":"https:\/\/santemc.quebec\/icentre\/concours-les-visages-de-lallaitement-2-copy\/","title":{"rendered":"Plus que quelques jours pour participer au concours \u00ab\u00a0Les visages de l\u2019allaitement\u00a0\u00bb"},"content":{"rendered":"<p><a href=\"https:\/\/santemc.quebec\/santemc\/icentre\/wp-content\/uploads\/2019\/08\/concours_allaitement.png\"><img decoding=\"async\" loading=\"lazy\" class=\"size-medium wp-image-141497 alignleft\" src=\"https:\/\/santemc.quebec\/santemc\/icentre\/wp-content\/uploads\/2019\/08\/concours_allaitement-300x298.png\" alt=\"\" width=\"300\" height=\"298\" srcset=\"https:\/\/santemc.quebec\/santemc\/icentre\/wp-content\/uploads\/2019\/08\/concours_allaitement-300x298.png 300w, https:\/\/santemc.quebec\/santemc\/icentre\/wp-content\/uploads\/2019\/08\/concours_allaitement-150x150.png 150w, https:\/\/santemc.quebec\/santemc\/icentre\/wp-content\/uploads\/2019\/08\/concours_allaitement-302x300.png 302w, https:\/\/santemc.quebec\/santemc\/icentre\/wp-content\/uploads\/2019\/08\/concours_allaitement.png 732w\" sizes=\"(max-width: 300px) 100vw, 300px\" \/><\/a><\/p>\n<p>Vous avez jusqu\u2019\u00e0 vendredi pour participer au concours \u00ab Les visages de l\u2019allaitement \u00bb.<\/p>\n<p>Organis\u00e9 dans le cadre de la Semaine mondiale de l\u2019allaitement, qui aura lieu du 1<sup>er <\/sup>\u00a0au 7 octobre, vous \u00eates invit\u00e9e \u00e0 nous partager, que ce soit sous forme de texte, de po\u00e8me ou de photo, votre exp\u00e9rience de l\u2019allaitement.<\/p>\n<p><!--more--><\/p>\n<p>Ce concours, organis\u00e9 par la Direction des programmes jeunesse, se veut une occasion privil\u00e9gi\u00e9e de souligner l\u2019unicit\u00e9 de chacune des exp\u00e9riences d\u2019allaitement.<\/p>\n<p><strong>Pour participer?<br \/>\n<\/strong>Rendez-vous sur le portail Web\u00a0:\u00a0<a href=\"http:\/\/www.santemc.quebec\/allaitement\" target=\"_blank\" rel=\"noopener noreferrer\">www.santemc.quebec\/allaitement<\/a>. Suivez les instructions pour nous transf\u00e9rer vos documents.<\/p>\n<p>Parmi toutes les employ\u00e9es qui auront particip\u00e9, le CISSS remettra un prix par tirage au sort : une s\u00e9ance photo professionnelle!<\/p>\n<p>Merci de votre int\u00e9r\u00eat!<\/p>\n","protected":false},"excerpt":{"rendered":"<p>Vous avez jusqu\u2019\u00e0 vendredi pour participer au concours \u00ab Les visages de l\u2019allaitement \u00bb. Organis\u00e9 dans le cadre de la Semaine mondiale de l\u2019allaitement, qui aura lieu du 1er \u00a0au 7 octobre, vous \u00eates invit\u00e9e \u00e0 nous partager, que ce &hellip; <a href=\"https:\/\/santemc.quebec\/icentre\/concours-les-visages-de-lallaitement-2-copy\/\">Continuer la lecture <span class=\"meta-nav\">&rarr;<\/span><\/a><\/p>\n","protected":false},"author":9,"featured_media":0,"comment_status":"open","ping_status":"closed","sticky":false,"template":"","format":"standard","meta":{"footnotes":""},"categories":[1],"tags":[],"_links":{"self":[{"href":"https:\/\/santemc.quebec\/icentre\/wp-json\/wp\/v2\/posts\/148445"}],"collection":[{"href":"https:\/\/santemc.quebec\/icentre\/wp-json\/wp\/v2\/posts"}],"about":[{"href":"https:\/\/santemc.quebec\/icentre\/wp-json\/wp\/v2\/types\/post"}],"author":[{"embeddable":true,"href":"https:\/\/santemc.quebec\/icentre\/wp-json\/wp\/v2\/users\/9"}],"replies":[{"embeddable":true,"href":"https:\/\/santemc.quebec\/icentre\/wp-json\/wp\/v2\/comments?post=148445"}],"version-history":[{"count":2,"href":"https:\/\/santemc.quebec\/icentre\/wp-json\/wp\/v2\/posts\/148445\/revisions"}],"predecessor-version":[{"id":148447,"href":"https:\/\/santemc.quebec\/icentre\/wp-json\/wp\/v2\/posts\/148445\/revisions\/148447"}],"wp:attachment":[{"href":"https:\/\/santemc.quebec\/icentre\/wp-json\/wp\/v2\/media?parent=148445"}],"wp:term":[{"taxonomy":"category","embeddable":true,"href":"https:\/\/santemc.quebec\/icentre\/wp-json\/wp\/v2\/categories?post=148445"},{"taxonomy":"post_tag","embeddable":true,"href":"https:\/\/santemc.quebec\/icentre\/wp-json\/wp\/v2\/tags?post=148445"}],"curies":[{"name":"wp","href":"https:\/\/api.w.org\/{rel}","templated":true}]}}