{"id":148532,"date":"2019-09-18T14:37:27","date_gmt":"2019-09-18T18:37:27","guid":{"rendered":"http:\/\/santemc.quebec\/icentre\/?p=148532"},"modified":"2019-09-18T14:57:56","modified_gmt":"2019-09-18T18:57:56","slug":"un-champion-paralympique-a-linlb","status":"publish","type":"post","link":"https:\/\/santemc.quebec\/icentre\/un-champion-paralympique-a-linlb\/","title":{"rendered":"Un champion paralympique \u00e0 l\u2019INLB"},"content":{"rendered":"<div id=\"attachment_148534\" style=\"width: 310px\" class=\"wp-caption alignleft\"><a href=\"https:\/\/santemc.quebec\/santemc\/icentre\/wp-content\/uploads\/2019\/09\/BHache_entraineur_physio.jpg\"><img aria-describedby=\"caption-attachment-148534\" decoding=\"async\" loading=\"lazy\" class=\"wp-image-148534 size-medium\" src=\"https:\/\/santemc.quebec\/santemc\/icentre\/wp-content\/uploads\/2019\/09\/BHache_entraineur_physio-300x225.jpg\" alt=\"\" width=\"300\" height=\"225\" srcset=\"https:\/\/santemc.quebec\/santemc\/icentre\/wp-content\/uploads\/2019\/09\/BHache_entraineur_physio-300x225.jpg 300w, https:\/\/santemc.quebec\/santemc\/icentre\/wp-content\/uploads\/2019\/09\/BHache_entraineur_physio-768x576.jpg 768w, https:\/\/santemc.quebec\/santemc\/icentre\/wp-content\/uploads\/2019\/09\/BHache_entraineur_physio-1024x768.jpg 1024w, https:\/\/santemc.quebec\/santemc\/icentre\/wp-content\/uploads\/2019\/09\/BHache_entraineur_physio-400x300.jpg 400w, https:\/\/santemc.quebec\/santemc\/icentre\/wp-content\/uploads\/2019\/09\/BHache_entraineur_physio.jpg 1280w\" sizes=\"(max-width: 300px) 100vw, 300px\" \/><\/a><p id=\"caption-attachment-148534\" class=\"wp-caption-text\">De gauche \u00e0 droite : Isabelle Cossette, physioth\u00e9rapeute; Bruno Hach\u00e9; Nathalie S\u00e9guin, entra\u00eeneure.<\/p><\/div>\n<p>Saviez-vous que Bruno Hach\u00e9, un champion parapanam\u00e9ricain, travaille \u00e0 l\u2019Institut Nazareth et Louis-Braille?<\/p>\n<p><!--more--><\/p>\n<p>Le 31 ao\u00fbt dernier, Bruno Hach\u00e9, ouvrier de maintenance dans notre \u00e9tablissement, a permis au Canada de remporter la m\u00e9daille de bronze de goalball aux Jeux parapanam\u00e9ricains de Lima au P\u00e9rou. Le Qu\u00e9b\u00e9cois a \u00e9t\u00e9 dominant tout au long de la partie contre le Venezuela en marquant 8 des 13 points de son \u00e9quipe. Le Canada a triomph\u00e9 avec un pointage final de 13 \u00e0 11.<\/p>\n<p>\u00ab Nos adversaires sont sortis plus forts que ce \u00e0 quoi nous nous attendions. Nous avons rapidement pris les devants et notre succ\u00e8s en attaque nous a mis en confiance, m\u00eame si nous ne sommes pas satisfaits de notre performance d\u00e9fensive \u00bb a mentionn\u00e9 M. Hach\u00e9.<\/p>\n<div id=\"attachment_148535\" style=\"width: 310px\" class=\"wp-caption alignright\"><a href=\"https:\/\/santemc.quebec\/santemc\/icentre\/wp-content\/uploads\/2019\/09\/medaille_bronze.jpg\"><img aria-describedby=\"caption-attachment-148535\" decoding=\"async\" loading=\"lazy\" class=\"size-medium wp-image-148535\" src=\"https:\/\/santemc.quebec\/santemc\/icentre\/wp-content\/uploads\/2019\/09\/medaille_bronze-300x225.jpg\" alt=\"\" width=\"300\" height=\"225\" srcset=\"https:\/\/santemc.quebec\/santemc\/icentre\/wp-content\/uploads\/2019\/09\/medaille_bronze-300x225.jpg 300w, https:\/\/santemc.quebec\/santemc\/icentre\/wp-content\/uploads\/2019\/09\/medaille_bronze-768x576.jpg 768w, https:\/\/santemc.quebec\/santemc\/icentre\/wp-content\/uploads\/2019\/09\/medaille_bronze-1024x768.jpg 1024w, https:\/\/santemc.quebec\/santemc\/icentre\/wp-content\/uploads\/2019\/09\/medaille_bronze-400x300.jpg 400w\" sizes=\"(max-width: 300px) 100vw, 300px\" \/><\/a><p id=\"caption-attachment-148535\" class=\"wp-caption-text\">La m\u00e9daille de bronze<\/p><\/div>\n<p>Il faut savoir que Bruno Hach\u00e9 a eu une d\u00e9t\u00e9rioration de sa vision \u00e0 l\u2019\u00e2ge de 18 ans pour des raisons h\u00e9r\u00e9ditaires et il a ensuite d\u00e9couvert le goalball \u00e0 l\u2019\u00e2ge de 23 ans. Depuis ce temps, il a particip\u00e9 \u00e0 cinq championnats du monde et quatre Jeux paralympiques. Au fil des ans, il a re\u00e7u de nombreux honneurs, dont le titre du joueur ayant le plus grand esprit sportif au Championnat canadien 2014 et celui de joueur le plus utile au Championnat canadien de 2008 et 2012. M. Hach\u00e9 tenait \u00e0 remercier l\u2019Institut Nazareth et Louis-Braille de l\u2019avoir toujours soutenu dans ses d\u00e9marches sportives.<\/p>\n<p>Le goalball a \u00e9t\u00e9 invent\u00e9 en Europe en 1946, \u00e0 la suite de la Seconde Guerre mondiale, comme moyen de r\u00e9adaptation pour les v\u00e9t\u00e9rans ayant une d\u00e9ficience visuelle. Le but du jeu est de faire rouler un ballon sonore au sol de mani\u00e8re \u00e0 ce que l\u2019\u00e9quipe adverse ne r\u00e9ussisse pas \u00e0 le bloquer avant qu\u2019il ne p\u00e9n\u00e8tre dans le but. Les joueurs en d\u00e9fensive tentent d\u2019arr\u00eater le ballon en se couchant sur le c\u00f4t\u00e9.<\/p>\n<p>Ce sport est ouvert aux athl\u00e8tes ayant une d\u00e9ficience visuelle, peu importe leur diff\u00e9rence d\u2019acuit\u00e9 visuelle, ce qui explique qu\u2019ils doivent jouer avec un masque opaque. La perception visuelle de chaque joueur, si infime soit-elle, est ainsi r\u00e9duite \u00e0 z\u00e9ro et tous les joueurs sont sur un pied d\u2019\u00e9galit\u00e9.<\/p>\n<p>Pour en savoir plus sur ce sport, consultez le site de\u00a0<a href=\"http:\/\/sportsaveugles.qc.ca\/sport\/goalball\/\" target=\"_blank\" rel=\"noopener noreferrer\">l\u2019Association sportive des aveugles du Qu\u00e9bec.<\/a><\/p>\n<div style=\"width: 584px;\" class=\"wp-video\"><!--[if lt IE 9]><script>document.createElement('video');<\/script><![endif]-->\n<video class=\"wp-video-shortcode\" id=\"video-148532-1\" width=\"584\" height=\"329\" preload=\"metadata\" controls=\"controls\"><source type=\"video\/mp4\" src=\"https:\/\/santemc.quebec\/santemc\/icentre\/wp-content\/uploads\/2019\/09\/sequence3.mp4?_=1\" \/><a href=\"https:\/\/santemc.quebec\/santemc\/icentre\/wp-content\/uploads\/2019\/09\/sequence3.mp4\">https:\/\/santemc.quebec\/santemc\/icentre\/wp-content\/uploads\/2019\/09\/sequence3.mp4<\/a><\/video><\/div>\n","protected":false},"excerpt":{"rendered":"<p>Saviez-vous que Bruno Hach\u00e9, un champion parapanam\u00e9ricain, travaille \u00e0 l\u2019Institut Nazareth et Louis-Braille?<\/p>\n","protected":false},"author":9,"featured_media":0,"comment_status":"open","ping_status":"closed","sticky":false,"template":"","format":"standard","meta":{"footnotes":""},"categories":[1],"tags":[],"_links":{"self":[{"href":"https:\/\/santemc.quebec\/icentre\/wp-json\/wp\/v2\/posts\/148532"}],"collection":[{"href":"https:\/\/santemc.quebec\/icentre\/wp-json\/wp\/v2\/posts"}],"about":[{"href":"https:\/\/santemc.quebec\/icentre\/wp-json\/wp\/v2\/types\/post"}],"author":[{"embeddable":true,"href":"https:\/\/santemc.quebec\/icentre\/wp-json\/wp\/v2\/users\/9"}],"replies":[{"embeddable":true,"href":"https:\/\/santemc.quebec\/icentre\/wp-json\/wp\/v2\/comments?post=148532"}],"version-history":[{"count":8,"href":"https:\/\/santemc.quebec\/icentre\/wp-json\/wp\/v2\/posts\/148532\/revisions"}],"predecessor-version":[{"id":148581,"href":"https:\/\/santemc.quebec\/icentre\/wp-json\/wp\/v2\/posts\/148532\/revisions\/148581"}],"wp:attachment":[{"href":"https:\/\/santemc.quebec\/icentre\/wp-json\/wp\/v2\/media?parent=148532"}],"wp:term":[{"taxonomy":"category","embeddable":true,"href":"https:\/\/santemc.quebec\/icentre\/wp-json\/wp\/v2\/categories?post=148532"},{"taxonomy":"post_tag","embeddable":true,"href":"https:\/\/santemc.quebec\/icentre\/wp-json\/wp\/v2\/tags?post=148532"}],"curies":[{"name":"wp","href":"https:\/\/api.w.org\/{rel}","templated":true}]}}