{"id":148805,"date":"2019-09-19T08:34:20","date_gmt":"2019-09-19T12:34:20","guid":{"rendered":"http:\/\/santemc.quebec\/icentre\/?p=148805"},"modified":"2019-09-19T08:34:20","modified_gmt":"2019-09-19T12:34:20","slug":"et-ceux-qui-soignent-pour-qui-relevent-ils-le-defi-des-generations-contre-le-cancer","status":"publish","type":"post","link":"https:\/\/santemc.quebec\/icentre\/et-ceux-qui-soignent-pour-qui-relevent-ils-le-defi-des-generations-contre-le-cancer\/","title":{"rendered":"Et ceux qui soignent, pour qui rel\u00e8vent-ils le D\u00e9fi des g\u00e9n\u00e9rations contre le cancer?"},"content":{"rendered":"<div id=\"attachment_148806\" style=\"width: 235px\" class=\"wp-caption alignleft\"><a href=\"https:\/\/santemc.quebec\/santemc\/icentre\/wp-content\/uploads\/2019\/09\/VDorion_JLamothe.jpg\"><img aria-describedby=\"caption-attachment-148806\" decoding=\"async\" loading=\"lazy\" class=\"size-medium wp-image-148806\" src=\"https:\/\/santemc.quebec\/santemc\/icentre\/wp-content\/uploads\/2019\/09\/VDorion_JLamothe-225x300.jpg\" alt=\"\" width=\"225\" height=\"300\" srcset=\"https:\/\/santemc.quebec\/santemc\/icentre\/wp-content\/uploads\/2019\/09\/VDorion_JLamothe-225x300.jpg 225w, https:\/\/santemc.quebec\/santemc\/icentre\/wp-content\/uploads\/2019\/09\/VDorion_JLamothe.jpg 720w\" sizes=\"(max-width: 225px) 100vw, 225px\" \/><\/a><p id=\"caption-attachment-148806\" class=\"wp-caption-text\">\u00c0 droite, Val\u00e9rie Dorion, en compagnie de sa coll\u00e8gue de travail, Jessica Lamothe.<\/p><\/div>\n<p>Jour apr\u00e8s jour, les membres du personnel du Centre int\u00e9gr\u00e9 de canc\u00e9rologie de la Mont\u00e9r\u00e9gie (CICM) se d\u00e9vouent pour leurs patients. Qu\u2019ils fassent partie des \u00e9quipes soignantes, administratives, d\u2019entretien, etc., il est primordial pour ces employ\u00e9s de s\u2019impliquer pour ceux qu\u2019ils c\u00f4toient quotidiennement. Participer au D\u00e9fi des g\u00e9n\u00e9rations contre le cancer est une fa\u00e7on originale et agr\u00e9able de s\u2019engager. Et chacun a sa raison de le faire.<\/p>\n<p><!--more--><\/p>\n<p><em>\u00ab Le D\u00e9fi des g\u00e9n\u00e9rations contre le cancer, c\u2019est un \u00e9v\u00e9nement tr\u00e8s important pour moi! Il y a quelques ann\u00e9es, mon p\u00e8re a \u00e9t\u00e9 trait\u00e9 \u00e0 l\u2019H\u00f4pital Charles-Le Moyne pour une r\u00e9cidive d\u2019un cancer, je l\u2019ai donc v\u00e9cu de pr\u00e8s. Comme je travaille au CICM, je suis t\u00e9moin \u00e0 tous les jours de la force et de la joie de vivre des patients qui se battent contre le cancer. Et \u00e7a, \u00e7a me touche beaucoup! Je suis vraiment fi\u00e8re de relever le D\u00e9fi cette ann\u00e9e encore avec mes trois enfants, et d\u2019amasser des fonds pour la cause. C\u2019est ma fa\u00e7on \u00e0 moi de faire une diff\u00e9rence. \u00bb<\/em>, Val\u00e9rie Dorion, secr\u00e9taire m\u00e9dicale au CICM.<\/p>\n<p>Compos\u00e9e d\u2019employ\u00e9s travaillant au CICM \u00e0 l\u2019H\u00f4pital Charles-Le Moyne ainsi que de leurs familles et amis, l\u2019\u00e9quipe <em>\u00c9nergie onco<\/em> est pr\u00eate \u00e0 relever le D\u00e9fi 2019! Surveillez-les bien, ils seront pr\u00e9sents le 28 septembre prochain sur les parcours du 1, 5 et 10 km pour rappeler \u00e0 leurs patients qu\u2019ils sont derri\u00e8re eux!<\/p>\n<p>Vous voulez vous aussi soutenir les patients atteints de cancer? Inscrivez-vous! Il ne vous reste que quelques heures : <a href=\"http:\/\/www.fhclm.ca\/defi\" target=\"_blank\" rel=\"noopener noreferrer\">www.fhclm.ca\/defi<\/a>.<\/p>\n","protected":false},"excerpt":{"rendered":"<p>Jour apr\u00e8s jour, les membres du personnel du Centre int\u00e9gr\u00e9 de canc\u00e9rologie de la Mont\u00e9r\u00e9gie (CICM) se d\u00e9vouent pour leurs patients. Qu\u2019ils fassent partie des \u00e9quipes soignantes, administratives, d\u2019entretien, etc., il est primordial pour ces employ\u00e9s de s\u2019impliquer pour ceux &hellip; <a href=\"https:\/\/santemc.quebec\/icentre\/et-ceux-qui-soignent-pour-qui-relevent-ils-le-defi-des-generations-contre-le-cancer\/\">Continuer la lecture <span class=\"meta-nav\">&rarr;<\/span><\/a><\/p>\n","protected":false},"author":9,"featured_media":0,"comment_status":"open","ping_status":"closed","sticky":false,"template":"","format":"standard","meta":{"footnotes":""},"categories":[1],"tags":[],"_links":{"self":[{"href":"https:\/\/santemc.quebec\/icentre\/wp-json\/wp\/v2\/posts\/148805"}],"collection":[{"href":"https:\/\/santemc.quebec\/icentre\/wp-json\/wp\/v2\/posts"}],"about":[{"href":"https:\/\/santemc.quebec\/icentre\/wp-json\/wp\/v2\/types\/post"}],"author":[{"embeddable":true,"href":"https:\/\/santemc.quebec\/icentre\/wp-json\/wp\/v2\/users\/9"}],"replies":[{"embeddable":true,"href":"https:\/\/santemc.quebec\/icentre\/wp-json\/wp\/v2\/comments?post=148805"}],"version-history":[{"count":1,"href":"https:\/\/santemc.quebec\/icentre\/wp-json\/wp\/v2\/posts\/148805\/revisions"}],"predecessor-version":[{"id":148807,"href":"https:\/\/santemc.quebec\/icentre\/wp-json\/wp\/v2\/posts\/148805\/revisions\/148807"}],"wp:attachment":[{"href":"https:\/\/santemc.quebec\/icentre\/wp-json\/wp\/v2\/media?parent=148805"}],"wp:term":[{"taxonomy":"category","embeddable":true,"href":"https:\/\/santemc.quebec\/icentre\/wp-json\/wp\/v2\/categories?post=148805"},{"taxonomy":"post_tag","embeddable":true,"href":"https:\/\/santemc.quebec\/icentre\/wp-json\/wp\/v2\/tags?post=148805"}],"curies":[{"name":"wp","href":"https:\/\/api.w.org\/{rel}","templated":true}]}}