{"id":149,"date":"2015-05-08T16:17:15","date_gmt":"2015-05-08T20:17:15","guid":{"rendered":"http:\/\/santemc.quebec\/journal\/?p=149"},"modified":"2015-05-11T09:18:18","modified_gmt":"2015-05-11T13:18:18","slug":"nomination-de-la-directrice-adjointe-aux-soins-infirmiers-regroupements-clienteles","status":"publish","type":"post","link":"https:\/\/santemc.quebec\/icentre\/nomination-de-la-directrice-adjointe-aux-soins-infirmiers-regroupements-clienteles\/","title":{"rendered":"Nomination de la directrice adjointe aux soins infirmiers \u2013 Regroupements client\u00e8les"},"content":{"rendered":"<p>C\u2019est avec plaisir que je vous annonce la nomination de madame Chantal Boucher au poste de directrice adjointe aux soins infirmiers \u2013 regroupements client\u00e8les pour le CISSS de la Mont\u00e9r\u00e9gie-Centre. Madame Boucher d\u00e9tient un baccalaur\u00e9at en sciences infirmi\u00e8res et une ma\u00eetrise en administration des affaires de l\u2019Universit\u00e9 de Sherbrooke. De 2012 jusqu\u2019\u00e0 sa nomination, elle \u00e9tait directrice, m\u00e9decine, soins sp\u00e9cialis\u00e9s, services ambulatoires au CSSS Haut-Richelieu \u2013 Rouville. Auparavant, elle a principalement oeuvr\u00e9 au Centre Hospitalier Universitaire de Sherbrooke (CHUS) ou elle a occup\u00e9 diverses fonctions professionnelles et d\u2019encadrement dont celles de directrice de l\u2019organisation des soins et du travail, d\u2019adjointe clinico-administrative et chef des professionnels au programme de m\u00e9decine sp\u00e9cialis\u00e9e, de chef de soins et services, et de coordonnatrice d\u2019activit\u00e9s de soins.<!--more--><\/p>\n<p>Madame Boucher, qui est dans le r\u00e9seau de la sant\u00e9 et des services sociaux depuis plus de 25 ans, dont 13 ans dans des postes de cadre interm\u00e9diaire et sup\u00e9rieur, a pilot\u00e9 plusieurs d\u00e9marches d\u2019optimisation, d\u2019organisation du travail et de transformation des pratiques. Elle a \u00e9galement proc\u00e9d\u00e9 \u00e0 la r\u00e9vision de plusieurs programmes et continuums de soins en sant\u00e9 physique afin d\u2019am\u00e9liorer l\u2019accessibilit\u00e9, la continuit\u00e9 et la qualit\u00e9 des services offerts \u00e0 la population.<\/p>\n<p>Dynamique et faisant preuve d\u2019une grande rigueur et de beaucoup de pers\u00e9v\u00e9rance, madame Boucher est reconnue pour son leadership transformationnel et ses capacit\u00e9s \u00e0 produire des r\u00e9sultats en mati\u00e8re d\u2019am\u00e9lioration des processus et des services. De plus, madame Boucher a de fortes habilet\u00e9s dans la conduite de changements d\u2019envergure et dans la mise en oeuvre de continuums de soins int\u00e9gr\u00e9s.<br \/>\nNous sommes tr\u00e8s heureux qu\u2019elle se joigne \u00e0 l\u2019\u00e9quipe de direction du CISSS de la Mont\u00e9r\u00e9gie-Centre et nous lui souhaitons la meilleure des chances dans l\u2019exercice de ses nouvelles fonctions et tout le succ\u00e8s voulu dans la poursuite de sa carri\u00e8re.<\/p>\n","protected":false},"excerpt":{"rendered":"<p>C\u2019est avec plaisir que je vous annonce la nomination de madame Chantal Boucher au poste de directrice adjointe aux soins infirmiers \u2013 regroupements client\u00e8les pour le CISSS de la Mont\u00e9r\u00e9gie-Centre. Madame Boucher d\u00e9tient un baccalaur\u00e9at en sciences infirmi\u00e8res et une &hellip; <a href=\"https:\/\/santemc.quebec\/icentre\/nomination-de-la-directrice-adjointe-aux-soins-infirmiers-regroupements-clienteles\/\">Continuer la lecture <span class=\"meta-nav\">&rarr;<\/span><\/a><\/p>\n","protected":false},"author":1,"featured_media":0,"comment_status":"open","ping_status":"closed","sticky":false,"template":"","format":"standard","meta":{"footnotes":""},"categories":[2],"tags":[8],"_links":{"self":[{"href":"https:\/\/santemc.quebec\/icentre\/wp-json\/wp\/v2\/posts\/149"}],"collection":[{"href":"https:\/\/santemc.quebec\/icentre\/wp-json\/wp\/v2\/posts"}],"about":[{"href":"https:\/\/santemc.quebec\/icentre\/wp-json\/wp\/v2\/types\/post"}],"author":[{"embeddable":true,"href":"https:\/\/santemc.quebec\/icentre\/wp-json\/wp\/v2\/users\/1"}],"replies":[{"embeddable":true,"href":"https:\/\/santemc.quebec\/icentre\/wp-json\/wp\/v2\/comments?post=149"}],"version-history":[{"count":1,"href":"https:\/\/santemc.quebec\/icentre\/wp-json\/wp\/v2\/posts\/149\/revisions"}],"predecessor-version":[{"id":150,"href":"https:\/\/santemc.quebec\/icentre\/wp-json\/wp\/v2\/posts\/149\/revisions\/150"}],"wp:attachment":[{"href":"https:\/\/santemc.quebec\/icentre\/wp-json\/wp\/v2\/media?parent=149"}],"wp:term":[{"taxonomy":"category","embeddable":true,"href":"https:\/\/santemc.quebec\/icentre\/wp-json\/wp\/v2\/categories?post=149"},{"taxonomy":"post_tag","embeddable":true,"href":"https:\/\/santemc.quebec\/icentre\/wp-json\/wp\/v2\/tags?post=149"}],"curies":[{"name":"wp","href":"https:\/\/api.w.org\/{rel}","templated":true}]}}