{"id":149201,"date":"2019-09-20T12:15:24","date_gmt":"2019-09-20T16:15:24","guid":{"rendered":"http:\/\/santemc.quebec\/icentre\/?p=149201"},"modified":"2019-09-20T12:15:24","modified_gmt":"2019-09-20T16:15:24","slug":"merci-a-lassociation-des-auxiliaires-benevoles-de-lhopital-charles-le-moyne-qui-fete-ses-40-ans","status":"publish","type":"post","link":"https:\/\/santemc.quebec\/icentre\/merci-a-lassociation-des-auxiliaires-benevoles-de-lhopital-charles-le-moyne-qui-fete-ses-40-ans\/","title":{"rendered":"Merci \u00e0 l\u2019Association des auxiliaires b\u00e9n\u00e9voles de l\u2019H\u00f4pital Charles-Le Moyne qui f\u00eate ses 40 ans"},"content":{"rendered":"<p><a href=\"https:\/\/santemc.quebec\/santemc\/icentre\/wp-content\/uploads\/2019\/09\/accueil.jpg\"><img decoding=\"async\" loading=\"lazy\" class=\"size-medium wp-image-149202 alignleft\" src=\"https:\/\/santemc.quebec\/santemc\/icentre\/wp-content\/uploads\/2019\/09\/accueil-300x225.jpg\" alt=\"\" width=\"300\" height=\"225\" srcset=\"https:\/\/santemc.quebec\/santemc\/icentre\/wp-content\/uploads\/2019\/09\/accueil-300x225.jpg 300w, https:\/\/santemc.quebec\/santemc\/icentre\/wp-content\/uploads\/2019\/09\/accueil-768x576.jpg 768w, https:\/\/santemc.quebec\/santemc\/icentre\/wp-content\/uploads\/2019\/09\/accueil-1024x768.jpg 1024w, https:\/\/santemc.quebec\/santemc\/icentre\/wp-content\/uploads\/2019\/09\/accueil-400x300.jpg 400w\" sizes=\"(max-width: 300px) 100vw, 300px\" \/><\/a>Le pr\u00e9sident-directeur g\u00e9n\u00e9ral, Richard Deschamps, et la directrice des services multidisciplinaires, Brigitte Brabant, ont rendu hommage hier au travail exceptionnel effectu\u00e9 par les auxiliaires b\u00e9n\u00e9voles de l\u2019HCLM.<\/p>\n<p><!--more--><\/p>\n<p>Ils participaient \u00e0 une activit\u00e9 organis\u00e9e dans le cadre du 40<sup>e<\/sup> anniversaire de l\u2019Association des auxiliaires b\u00e9n\u00e9voles de l\u2019H\u00f4pital Charles-Le Moyne.<\/p>\n<p><strong>Un apport au quotidien<br \/>\n<\/strong>Les auxiliaires b\u00e9n\u00e9voles sont pr\u00e9sents \u00e0 l\u2019H\u00f4pital dans plusieurs secteurs. On les retrouve \u00e0 la boutique-cadeau, \u00e0 la distribution du caf\u00e9 sur les \u00e9tages et en canc\u00e9rologie par exemple, o\u00f9 ils offrent leur soutien \u00e0 la client\u00e8le. \u00ab Dans les dix derni\u00e8res ann\u00e9es, on a offert plus de 200\u00a0000 heures de b\u00e9n\u00e9volat et remis un million de dollars en profits et dons r\u00e9colt\u00e9s gr\u00e2ce \u00e0 la boutique et au service de caf\u00e9\u00a0\u00bb, a pr\u00e9cis\u00e9 Ginette Lafortune, la pr\u00e9sidente de l\u2019Association.<\/p>\n<p><a href=\"https:\/\/santemc.quebec\/santemc\/icentre\/wp-content\/uploads\/2019\/09\/tables.jpg\"><img decoding=\"async\" loading=\"lazy\" class=\"alignright size-medium wp-image-149203\" src=\"https:\/\/santemc.quebec\/santemc\/icentre\/wp-content\/uploads\/2019\/09\/tables-300x225.jpg\" alt=\"\" width=\"300\" height=\"225\" srcset=\"https:\/\/santemc.quebec\/santemc\/icentre\/wp-content\/uploads\/2019\/09\/tables-300x225.jpg 300w, https:\/\/santemc.quebec\/santemc\/icentre\/wp-content\/uploads\/2019\/09\/tables-768x576.jpg 768w, https:\/\/santemc.quebec\/santemc\/icentre\/wp-content\/uploads\/2019\/09\/tables-1024x768.jpg 1024w, https:\/\/santemc.quebec\/santemc\/icentre\/wp-content\/uploads\/2019\/09\/tables-400x300.jpg 400w\" sizes=\"(max-width: 300px) 100vw, 300px\" \/><\/a><\/p>\n<p><strong>40 ans d\u2019histoire<br \/>\n<\/strong>Cette association de b\u00e9n\u00e9voles a \u00e9t\u00e9 fond\u00e9e en 1979, soit treize ans apr\u00e8s l\u2019ouverture de l\u2019H\u00f4pital Charles-Le Moyne, en 1966. Parmi les fondatrices, on retrouve Suzanne Cormier, qui deviendra plus tard pr\u00e9sidente de l\u2019association et m\u00eame pr\u00e9sidente provinciale de l\u2019Association des b\u00e9n\u00e9voles des \u00e9tablissements de sant\u00e9 du Qu\u00e9bec, une fonction qui l\u2019a amen\u00e9e \u00e0 entreprendre une tourn\u00e9e \u00e0 travers le pays, allant \u00e0 la rencontre d\u2019autres associations de b\u00e9n\u00e9voles. \u00ab L\u2019Association a \u00e9volu\u00e9 au fil des ans, le nombre de b\u00e9n\u00e9voles s\u2019accroissant au m\u00eame rythme que le nombre de patients hospitalis\u00e9s. Sauf que maintenant, on ne peut plus remettre un bouquet de poinsettias \u00e0 tous les patients comme \u00e0 nos d\u00e9buts. On redonne au patient, mais autrement \u00bb, se rappelle M<sup>me<\/sup> Cormier.<\/p>\n<div id=\"attachment_149204\" style=\"width: 310px\" class=\"wp-caption aligncenter\"><a href=\"https:\/\/santemc.quebec\/santemc\/icentre\/wp-content\/uploads\/2019\/09\/thumbnail_tous.jpg\"><img aria-describedby=\"caption-attachment-149204\" decoding=\"async\" loading=\"lazy\" class=\"size-medium wp-image-149204\" src=\"https:\/\/santemc.quebec\/santemc\/icentre\/wp-content\/uploads\/2019\/09\/thumbnail_tous-300x225.jpg\" alt=\"\" width=\"300\" height=\"225\" srcset=\"https:\/\/santemc.quebec\/santemc\/icentre\/wp-content\/uploads\/2019\/09\/thumbnail_tous-300x225.jpg 300w, https:\/\/santemc.quebec\/santemc\/icentre\/wp-content\/uploads\/2019\/09\/thumbnail_tous-768x576.jpg 768w, https:\/\/santemc.quebec\/santemc\/icentre\/wp-content\/uploads\/2019\/09\/thumbnail_tous-1024x768.jpg 1024w, https:\/\/santemc.quebec\/santemc\/icentre\/wp-content\/uploads\/2019\/09\/thumbnail_tous-400x300.jpg 400w, https:\/\/santemc.quebec\/santemc\/icentre\/wp-content\/uploads\/2019\/09\/thumbnail_tous.jpg 1280w\" sizes=\"(max-width: 300px) 100vw, 300px\" \/><\/a><p id=\"caption-attachment-149204\" class=\"wp-caption-text\">De gauche \u00e0 droite : Suzanne Cormier, Denise Renault, Ginette Lafortune, Richard Deschamps, Brigitte Brabant et Pierre Reneault.<\/p><\/div>\n","protected":false},"excerpt":{"rendered":"<p>Le pr\u00e9sident-directeur g\u00e9n\u00e9ral, Richard Deschamps, et la directrice des services multidisciplinaires, Brigitte Brabant, ont rendu hommage hier au travail exceptionnel effectu\u00e9 par les auxiliaires b\u00e9n\u00e9voles de l\u2019HCLM.<\/p>\n","protected":false},"author":9,"featured_media":0,"comment_status":"open","ping_status":"closed","sticky":false,"template":"","format":"standard","meta":{"footnotes":""},"categories":[1],"tags":[],"_links":{"self":[{"href":"https:\/\/santemc.quebec\/icentre\/wp-json\/wp\/v2\/posts\/149201"}],"collection":[{"href":"https:\/\/santemc.quebec\/icentre\/wp-json\/wp\/v2\/posts"}],"about":[{"href":"https:\/\/santemc.quebec\/icentre\/wp-json\/wp\/v2\/types\/post"}],"author":[{"embeddable":true,"href":"https:\/\/santemc.quebec\/icentre\/wp-json\/wp\/v2\/users\/9"}],"replies":[{"embeddable":true,"href":"https:\/\/santemc.quebec\/icentre\/wp-json\/wp\/v2\/comments?post=149201"}],"version-history":[{"count":1,"href":"https:\/\/santemc.quebec\/icentre\/wp-json\/wp\/v2\/posts\/149201\/revisions"}],"predecessor-version":[{"id":149205,"href":"https:\/\/santemc.quebec\/icentre\/wp-json\/wp\/v2\/posts\/149201\/revisions\/149205"}],"wp:attachment":[{"href":"https:\/\/santemc.quebec\/icentre\/wp-json\/wp\/v2\/media?parent=149201"}],"wp:term":[{"taxonomy":"category","embeddable":true,"href":"https:\/\/santemc.quebec\/icentre\/wp-json\/wp\/v2\/categories?post=149201"},{"taxonomy":"post_tag","embeddable":true,"href":"https:\/\/santemc.quebec\/icentre\/wp-json\/wp\/v2\/tags?post=149201"}],"curies":[{"name":"wp","href":"https:\/\/api.w.org\/{rel}","templated":true}]}}