{"id":149244,"date":"2019-09-20T13:59:17","date_gmt":"2019-09-20T17:59:17","guid":{"rendered":"http:\/\/santemc.quebec\/icentre\/?p=149244"},"modified":"2019-09-20T13:59:45","modified_gmt":"2019-09-20T17:59:45","slug":"journee-daction-contre-la-violence-sexuelle-faite-aux-femmes","status":"publish","type":"post","link":"https:\/\/santemc.quebec\/icentre\/journee-daction-contre-la-violence-sexuelle-faite-aux-femmes\/","title":{"rendered":"Journ\u00e9e d&rsquo;action contre la violence sexuelle faite aux femmes"},"content":{"rendered":"<p><a href=\"https:\/\/santemc.quebec\/santemc\/icentre\/wp-content\/uploads\/2019\/09\/violence_sexuelle_femmes.png\"><img decoding=\"async\" loading=\"lazy\" class=\"aligncenter wp-image-149245 size-full\" src=\"https:\/\/santemc.quebec\/santemc\/icentre\/wp-content\/uploads\/2019\/09\/violence_sexuelle_femmes.png\" alt=\"\" width=\"576\" height=\"240\" srcset=\"https:\/\/santemc.quebec\/santemc\/icentre\/wp-content\/uploads\/2019\/09\/violence_sexuelle_femmes.png 576w, https:\/\/santemc.quebec\/santemc\/icentre\/wp-content\/uploads\/2019\/09\/violence_sexuelle_femmes-300x125.png 300w, https:\/\/santemc.quebec\/santemc\/icentre\/wp-content\/uploads\/2019\/09\/violence_sexuelle_femmes-500x208.png 500w\" sizes=\"(max-width: 576px) 100vw, 576px\" \/><\/a><\/p>\n<p>&nbsp;<br \/>\nLa 38<sup>e<\/sup> Journ\u00e9e d\u2019action contre la violence sexuelle faite aux femmes a lieu aujourd\u2019hui le 20 septembre. Cette ann\u00e9e, cette journ\u00e9e a pour objectif de mettre en lumi\u00e8re les facteurs qui placent certaines femmes dans des contextes de vuln\u00e9rabilit\u00e9 face aux violences sexuelles.<\/p>\n<p><!--more--><\/p>\n<p>Parmi ceux-ci, nous retrouvons l\u2019isolement, c\u2019est-\u00e0-dire le fait d\u2019avoir un r\u00e9seau social restreint ou peu soutenant, la d\u00e9pendance \u00e0 autrui, que celle-ci soit de nature \u00e9conomique ou sexuelle, et le manque d\u2019accessibilit\u00e9 \u00e0 l\u2019information.<\/p>\n<p>Par ailleurs, afin de promouvoir l\u2019engagement dans la lutte contre la violence sexuelle,\u00a0 le Regroupement qu\u00e9b\u00e9cois des centres d\u2019aide et de lutte contre les agressions sexuelles (RQCALACS) profite de l\u2019occasion pour inviter la population \u00e0 souligner le courage des victimes qui ont choisi de briser le silence en participant \u00e0 leur campagne #OnVousCroit.<\/p>\n<p>Ensemble, <em>Les d\u00e9fis, portons-les aussi!<\/em><\/p>\n<p><a href=\"http:\/\/www.rqcalacs.qc.ca\/projets\/45-campagne-de-la-journee-daction-2019\" target=\"_blank\" rel=\"noopener noreferrer\">http:\/\/www.rqcalacs.qc.ca\/projets\/45-campagne-de-la-journee-daction-2019<\/a><\/p>\n","protected":false},"excerpt":{"rendered":"<p>&nbsp; La 38e Journ\u00e9e d\u2019action contre la violence sexuelle faite aux femmes a lieu aujourd\u2019hui le 20 septembre. Cette ann\u00e9e, cette journ\u00e9e a pour objectif de mettre en lumi\u00e8re les facteurs qui placent certaines femmes dans des contextes de vuln\u00e9rabilit\u00e9 &hellip; <a href=\"https:\/\/santemc.quebec\/icentre\/journee-daction-contre-la-violence-sexuelle-faite-aux-femmes\/\">Continuer la lecture <span class=\"meta-nav\">&rarr;<\/span><\/a><\/p>\n","protected":false},"author":9,"featured_media":0,"comment_status":"open","ping_status":"closed","sticky":false,"template":"","format":"standard","meta":{"footnotes":""},"categories":[1],"tags":[],"_links":{"self":[{"href":"https:\/\/santemc.quebec\/icentre\/wp-json\/wp\/v2\/posts\/149244"}],"collection":[{"href":"https:\/\/santemc.quebec\/icentre\/wp-json\/wp\/v2\/posts"}],"about":[{"href":"https:\/\/santemc.quebec\/icentre\/wp-json\/wp\/v2\/types\/post"}],"author":[{"embeddable":true,"href":"https:\/\/santemc.quebec\/icentre\/wp-json\/wp\/v2\/users\/9"}],"replies":[{"embeddable":true,"href":"https:\/\/santemc.quebec\/icentre\/wp-json\/wp\/v2\/comments?post=149244"}],"version-history":[{"count":2,"href":"https:\/\/santemc.quebec\/icentre\/wp-json\/wp\/v2\/posts\/149244\/revisions"}],"predecessor-version":[{"id":149247,"href":"https:\/\/santemc.quebec\/icentre\/wp-json\/wp\/v2\/posts\/149244\/revisions\/149247"}],"wp:attachment":[{"href":"https:\/\/santemc.quebec\/icentre\/wp-json\/wp\/v2\/media?parent=149244"}],"wp:term":[{"taxonomy":"category","embeddable":true,"href":"https:\/\/santemc.quebec\/icentre\/wp-json\/wp\/v2\/categories?post=149244"},{"taxonomy":"post_tag","embeddable":true,"href":"https:\/\/santemc.quebec\/icentre\/wp-json\/wp\/v2\/tags?post=149244"}],"curies":[{"name":"wp","href":"https:\/\/api.w.org\/{rel}","templated":true}]}}