{"id":149818,"date":"2019-09-23T09:49:41","date_gmt":"2019-09-23T13:49:41","guid":{"rendered":"http:\/\/santemc.quebec\/icentre\/?p=149818"},"modified":"2019-09-23T09:56:55","modified_gmt":"2019-09-23T13:56:55","slug":"agrement-capsule-dinformation-no-1-copy-copy-copy-copy-copy-copy-copy-copy-copy-copy-copy-copy-copy-copy-copy-copy-copy-copy-copy-copy-copy-copy-copy","status":"publish","type":"post","link":"https:\/\/santemc.quebec\/icentre\/agrement-capsule-dinformation-no-1-copy-copy-copy-copy-copy-copy-copy-copy-copy-copy-copy-copy-copy-copy-copy-copy-copy-copy-copy-copy-copy-copy-copy\/","title":{"rendered":"Agr\u00e9ment : capsule d&rsquo;information no 24"},"content":{"rendered":"<p><strong><span style=\"color: #e7242a;\"><a href=\"http:\/\/santemc.quebec\/santemc\/icentre\/wp-content\/uploads\/2019\/05\/agrement.png\"><img decoding=\"async\" loading=\"lazy\" class=\" wp-image-10364 alignleft\" src=\"http:\/\/santemc.quebec\/santemc\/icentre\/wp-content\/uploads\/2019\/05\/agrement.png\" alt=\"\" width=\"193\" height=\"195\" \/><\/a>Sujet : Avoir un programme de gestion des antimicrobiens : une pratique organisationnelle requise (POR)!<\/span><\/strong><\/p>\n<p><strong><span style=\"color: #e7242a;\"><b><\/b>Public vis\u00e9 : <\/span><\/strong><strong><span style=\"color: #e7242a;\">Tous les m\u00e9decins, pharmaciens, membres du personnel infirmier et professionnels impliqu\u00e9s dans les soins aux patients<\/span><\/strong><\/p>\n<p>&nbsp;<\/p>\n<p>&nbsp;<\/p>\n<p style=\"text-align: left;\"><strong><span style=\"color: #e7242a;\">\u00c0 retenir :<\/span><\/strong><\/p>\n<ol>\n<li><b>Un <\/b><b>programme de g\u00e9rance des antimicrobiens (surveillance de l\u2019utilisation des antibiotiques) doit \u00eatre mis en \u0153uvre dans chaque \u00e9tablissement de sant\u00e9.<\/b><\/li>\n<li><b>Le <\/b><b>programme est interdisciplinaire et comprend principalement la participation des pharmaciens, des m\u00e9decins microbiologistes-infectiologues, des sp\u00e9cialistes en pr\u00e9vention des infections, des m\u00e9decins et du personnel infirmier.<\/b><\/li>\n<li><b>Il <\/b><b>a \u00e9t\u00e9 d\u00e9montr\u00e9 qu\u2019un programme de g\u00e9rance des antimicrobiens <\/b><b>efficace, <\/b><b>combin\u00e9 \u00e0 un programme complet de pr\u00e9vention des <\/b><b>infections, limite <\/b><b>l\u2019\u00e9mergence et la transmission de bact\u00e9ries r\u00e9sistantes aux antimicrobiens.<\/b><\/li>\n<\/ol>\n<p><!--more--><\/p>\n<p><strong><span style=\"color: #e7242a;\">Concr\u00e8tement<\/span><\/strong><\/p>\n<p>Il existe un comit\u00e9 de g\u00e9rance des antimicrobiens dans chaque RLS du CISSSMC.<\/p>\n<p>Diverses activit\u00e9s sont mises en place chaque ann\u00e9e pour optimiser l\u2019utilisation des antimicrobiens.<\/p>\n<p>Ces activit\u00e9s visent \u00e0 am\u00e9liorer la qualit\u00e9 des soins en favorisant la meilleure \u00e9volution clinique du patient tout en r\u00e9duisant les effets ind\u00e9sirables (toxicit\u00e9 des m\u00e9dicaments, infections nosocomiales, notamment la colite \u00e0 Clostridium difficile, et l\u2019\u00e9mergence de la r\u00e9sistance aux antibiotiques).<\/p>\n<p><strong><span style=\"color: #e7242a;\">Ce que nous avons fait<\/span><\/strong><\/p>\n<ul>\n<li>Suivi prospectif et r\u00e9troaction par l\u2019\u00e9quipe de pharmaciens d\u00e9di\u00e9s au suivi de l\u2019utilisation des antibiotiques.<\/li>\n<li>Pharmacocin\u00e9tique des aminosides et de la vancomycine.<\/li>\n<li>\u00c9laboration et r\u00e9vision de guides de traitement et de prophylaxie pour diff\u00e9rentes pathologies infectieuses, dont celui du traitement de la colite \u00e0 Clostridium difficile en 2019.<\/li>\n<li>Cr\u00e9ation d\u2019ordonnances collectives et pr\u00e9imprim\u00e9es pour encadrer la prescription des antibiotiques.<\/li>\n<li>Revue d\u2019utilisation de certains antimicrobiens.<\/li>\n<li>Bulletins d\u2019information.<\/li>\n<li>Cr\u00e9ation d\u2019un outil pour le personnel infirmier : ordre d\u2019administration des ATB IV STAT.<\/li>\n<li>Suivi de la consommation des antibiotiques (DDD) pour nos diff\u00e9rentes installations, incluant les CHSLD.<\/li>\n<li>Pr\u00e9sentation d\u2019un rapport annuel \u00e0 la r\u00e9union du comit\u00e9 de pharmacologie et th\u00e9rapeutique auquel nous sommes rattach\u00e9s.<\/li>\n<\/ul>\n<p><strong><span style=\"color: #e7242a;\">O\u00f9 trouver les documents<\/span><\/strong><\/p>\n<p><b>Pour HHR :<br \/>\n<\/b>Tous les documents (guides de traitement, bulletins, ordonnances pr\u00e9imprim\u00e9es, donn\u00e9es de consommation) sont disponibles dans l\u2019<strong>i<\/strong><b>ntranet<\/b> sous l\u2019onglet <b>\u00ab Parrainage des antibiotiques \u00bb<\/b><\/p>\n<p><b>Pour HCLM :<br \/>\n<\/b>Le guide d\u2019utilisation des antibiotiques est disponible en version .pdf sur le G:\\30-SERVICESHOSPIT\\Pharmacie\\Guide_utilisation_antibiotiques<br \/>\n<i>Une <\/i><i>version papier est <\/i><i>remise <\/i><i>sur demande aux <\/i><i>m\u00e9decins, <\/i><i>r\u00e9sidents <\/i><i>et <\/i><i>pharmaciens de <\/i><i>l\u2019\u00e9tablissement <\/i><i>via le secr\u00e9tariat de <\/i><i>pharmacie.<\/i><\/p>\n<p>Les donn\u00e9es de consommation ainsi que les taux de sensibilit\u00e9 locaux sont affich\u00e9s au babillard de microbiologie au 3e \u00e9tage.<\/p>\n<p><a href=\"https:\/\/santemc.quebec\/santemc\/icentre\/wp-content\/uploads\/2019\/09\/No24_20190923_GestionAntimicrobiens.pdf\">Version PDF pour impression et pour affichage dans vos secteurs<\/a><\/p>\n<p><a href=\"http:\/\/www.santemc.quebec\/agrement\" target=\"_blank\" rel=\"noopener noreferrer\">www.santemc.quebec\/agrement<\/a><\/p>\n<p>&nbsp;<\/p>\n","protected":false},"excerpt":{"rendered":"<p>Sujet : Avoir un programme de gestion des antimicrobiens : une pratique organisationnelle requise (POR)! Public vis\u00e9 : Tous les m\u00e9decins, pharmaciens, membres du personnel infirmier et professionnels impliqu\u00e9s dans les soins aux patients &nbsp; &nbsp; \u00c0 retenir : Un &hellip; <a href=\"https:\/\/santemc.quebec\/icentre\/agrement-capsule-dinformation-no-1-copy-copy-copy-copy-copy-copy-copy-copy-copy-copy-copy-copy-copy-copy-copy-copy-copy-copy-copy-copy-copy-copy-copy\/\">Continuer la lecture <span class=\"meta-nav\">&rarr;<\/span><\/a><\/p>\n","protected":false},"author":9,"featured_media":0,"comment_status":"open","ping_status":"closed","sticky":false,"template":"","format":"standard","meta":{"footnotes":""},"categories":[1],"tags":[],"_links":{"self":[{"href":"https:\/\/santemc.quebec\/icentre\/wp-json\/wp\/v2\/posts\/149818"}],"collection":[{"href":"https:\/\/santemc.quebec\/icentre\/wp-json\/wp\/v2\/posts"}],"about":[{"href":"https:\/\/santemc.quebec\/icentre\/wp-json\/wp\/v2\/types\/post"}],"author":[{"embeddable":true,"href":"https:\/\/santemc.quebec\/icentre\/wp-json\/wp\/v2\/users\/9"}],"replies":[{"embeddable":true,"href":"https:\/\/santemc.quebec\/icentre\/wp-json\/wp\/v2\/comments?post=149818"}],"version-history":[{"count":2,"href":"https:\/\/santemc.quebec\/icentre\/wp-json\/wp\/v2\/posts\/149818\/revisions"}],"predecessor-version":[{"id":149821,"href":"https:\/\/santemc.quebec\/icentre\/wp-json\/wp\/v2\/posts\/149818\/revisions\/149821"}],"wp:attachment":[{"href":"https:\/\/santemc.quebec\/icentre\/wp-json\/wp\/v2\/media?parent=149818"}],"wp:term":[{"taxonomy":"category","embeddable":true,"href":"https:\/\/santemc.quebec\/icentre\/wp-json\/wp\/v2\/categories?post=149818"},{"taxonomy":"post_tag","embeddable":true,"href":"https:\/\/santemc.quebec\/icentre\/wp-json\/wp\/v2\/tags?post=149818"}],"curies":[{"name":"wp","href":"https:\/\/api.w.org\/{rel}","templated":true}]}}