{"id":149822,"date":"2019-09-23T10:03:26","date_gmt":"2019-09-23T14:03:26","guid":{"rendered":"http:\/\/santemc.quebec\/icentre\/?p=149822"},"modified":"2019-09-23T11:11:36","modified_gmt":"2019-09-23T15:11:36","slug":"recruter-autrement","status":"publish","type":"post","link":"https:\/\/santemc.quebec\/icentre\/recruter-autrement\/","title":{"rendered":"Recruter autrement"},"content":{"rendered":"<p>Le 14 ao\u00fbt dernier, le minist\u00e8re de la Sant\u00e9 et des Services sociaux (MSSS) annon\u00e7ait la mise en place d\u2019un programme de bourses pour les futurs pr\u00e9pos\u00e9s aux b\u00e9n\u00e9ficiaires et auxiliaires aux services de sant\u00e9 et sociaux dans le but de favoriser les inscriptions dans les programmes de formation. Au CISSS de la Mont\u00e9r\u00e9gie-Centre, cela se traduit par l\u2019octroi de plus de 80 bourses au montant de 7 500 $ chacune \u00e0 des \u00e9tudiants qui s\u2019engagent \u00e0 travailler avec nous, d\u00e8s la fin de leurs \u00e9tudes, pour au moins deux ann\u00e9es \u00e0 temps complet.<\/p>\n<p><!--more--><\/p>\n<p>Dans l\u2019objectif de mieux faire conna\u00eetre notre organisation aupr\u00e8s des \u00e9tudiants inscrits au programme d\u2019\u00e9tudes <em>Assistance \u00e0 la personne en \u00e9tablissement de sant\u00e9<\/em> <em>et \u00e0 domicile<\/em> et de les inviter \u00e0 nous soumettre leur candidature pour l\u2019obtention de cette bourse, l\u2019\u00e9quipe de la Direction des ressources humaines, des communications et des affaires juridiques (DRHCAJ) a mis en \u0153uvre une campagne de recrutement des plus dynamiques pour s\u2019assurer d\u2019un nombre maximal de candidatures.<\/p>\n<p>Nous avons entam\u00e9 une tourn\u00e9e des \u00e9coles professionnelles de la r\u00e9gion lors de la derni\u00e8re rentr\u00e9e scolaire. L\u2019objectif \u00e9tait d\u2019aller \u00e0 la rencontre des \u00e9tudiants dans leur milieu pour \u00e9changer avec eux \u00e0 propos des conditions de travail et des modalit\u00e9s pour faire une demande de bourse au CISSSMC.<\/p>\n<p>Les 28 et 29 ao\u00fbt dernier, c\u2019est \u00e0 bord d\u2019un autocar que l\u2019\u00e9quipe de dotation a accueilli les \u00e9tudiants du Centre de formation professionnelle Charlotte-Tass\u00e9 situ\u00e9 \u00e0 Longueuil.\u00a0 Un kiosque d\u2019information \u00e0 propos de la profession au CISSSMC et du programme de bourses \u00e9tait sur place. De plus, dans le cadre de cette visite, nous avons proc\u00e9d\u00e9 \u00e0 des entrevues \u00e9clair avec promesse d\u2019embauche aux \u00e9tudiants int\u00e9ress\u00e9s. Une activit\u00e9 de recrutement originale et efficace!<\/p>\n<div id=\"attachment_149860\" style=\"width: 594px\" class=\"wp-caption aligncenter\"><a href=\"https:\/\/santemc.quebec\/santemc\/icentre\/wp-content\/uploads\/2019\/09\/caravane_recrutement.jpg\"><img aria-describedby=\"caption-attachment-149860\" decoding=\"async\" loading=\"lazy\" class=\"wp-image-149860 size-large\" src=\"https:\/\/santemc.quebec\/santemc\/icentre\/wp-content\/uploads\/2019\/09\/caravane_recrutement-1024x768.jpg\" alt=\"\" width=\"584\" height=\"438\" srcset=\"https:\/\/santemc.quebec\/santemc\/icentre\/wp-content\/uploads\/2019\/09\/caravane_recrutement-1024x768.jpg 1024w, https:\/\/santemc.quebec\/santemc\/icentre\/wp-content\/uploads\/2019\/09\/caravane_recrutement-300x225.jpg 300w, https:\/\/santemc.quebec\/santemc\/icentre\/wp-content\/uploads\/2019\/09\/caravane_recrutement-768x576.jpg 768w, https:\/\/santemc.quebec\/santemc\/icentre\/wp-content\/uploads\/2019\/09\/caravane_recrutement-400x300.jpg 400w, https:\/\/santemc.quebec\/santemc\/icentre\/wp-content\/uploads\/2019\/09\/caravane_recrutement.jpg 1280w\" sizes=\"(max-width: 584px) 100vw, 584px\" \/><\/a><p id=\"caption-attachment-149860\" class=\"wp-caption-text\">L\u2019\u00e9quipe de la DRHCAJ pr\u00e9sente le 29 ao\u00fbt dernier devant le Centre de formation professionnelle Charlotte-Tass\u00e9 pour accueillir les candidats au programme de bourses pour les futurs pr\u00e9pos\u00e9s aux b\u00e9n\u00e9ficiaires et auxiliaires aux services de sant\u00e9 et sociaux.<\/p><\/div>\n<p>&nbsp;<\/p>\n<p>Au d\u00e9but septembre, les \u00e9tudiants de l\u2019\u00c9cole professionnelle des M\u00e9tiers situ\u00e9e \u00e0 Saint-Jean-sur-Richelieu ainsi que ceux de l\u2019\u00c9cole de formation professionnelle de Ch\u00e2teauguay ont \u00e9galement re\u00e7u la visite de notre \u00e9quipe de dotation.<\/p>\n<p>Dans le contexte actuel de plein emploi au Qu\u00e9bec et de p\u00e9nurie de main-d\u2019\u0153uvre, le recrutement de personnel pour certains emplois est synonyme de d\u00e9fi. L\u2019\u00e9quipe de la DRHCAJ, soutenue par les gestionnaires et en collaboration avec les syndicats, d\u00e9ploie tous les efforts pour attirer les talents et combler les postes disponibles dans notre organisation. D\u2019ailleurs, nous participerons \u00e0 plus de 30 activit\u00e9s de recrutement dans les prochains mois.<\/p>\n<p>Que ce soit par l\u2019entremise d\u2019une op\u00e9ration de visibilit\u00e9 lors d\u2019\u00e9v\u00e9nements grand public de la r\u00e9gion, comme l\u2019International de montgolfi\u00e8res \u00e0 Saint-Jean-sur-Richelieu, ou par le biais d\u2019activit\u00e9s de recrutement cibl\u00e9es, le CISSSMC ne cesse d\u2019innover et de se d\u00e9marquer en mati\u00e8re de recrutement. D\u2019autres initiatives sont \u00e0 venir. Restez \u00e0 l\u2019aff\u00fbt!<\/p>\n<p>Vous voulez en savoir plus sur le programme de bourses pour les futurs pr\u00e9pos\u00e9s aux b\u00e9n\u00e9ficiaires et auxiliaires aux services de sant\u00e9 et sociaux? Visitez la page <a href=\"http:\/\/nousrecrutons.ca\/pab\" target=\"_blank\" rel=\"noopener noreferrer\">nousrecrutons.ca\/pab<\/a> et n\u2019h\u00e9sitez pas \u00e0 en parler \u00e0 des personnes de votre entourage.<\/p>\n","protected":false},"excerpt":{"rendered":"<p>Le 14 ao\u00fbt dernier, le minist\u00e8re de la Sant\u00e9 et des Services sociaux (MSSS) annon\u00e7ait la mise en place d\u2019un programme de bourses pour les futurs pr\u00e9pos\u00e9s aux b\u00e9n\u00e9ficiaires et auxiliaires aux services de sant\u00e9 et sociaux dans le but &hellip; <a href=\"https:\/\/santemc.quebec\/icentre\/recruter-autrement\/\">Continuer la lecture <span class=\"meta-nav\">&rarr;<\/span><\/a><\/p>\n","protected":false},"author":9,"featured_media":0,"comment_status":"open","ping_status":"closed","sticky":false,"template":"","format":"standard","meta":{"footnotes":""},"categories":[1],"tags":[],"_links":{"self":[{"href":"https:\/\/santemc.quebec\/icentre\/wp-json\/wp\/v2\/posts\/149822"}],"collection":[{"href":"https:\/\/santemc.quebec\/icentre\/wp-json\/wp\/v2\/posts"}],"about":[{"href":"https:\/\/santemc.quebec\/icentre\/wp-json\/wp\/v2\/types\/post"}],"author":[{"embeddable":true,"href":"https:\/\/santemc.quebec\/icentre\/wp-json\/wp\/v2\/users\/9"}],"replies":[{"embeddable":true,"href":"https:\/\/santemc.quebec\/icentre\/wp-json\/wp\/v2\/comments?post=149822"}],"version-history":[{"count":3,"href":"https:\/\/santemc.quebec\/icentre\/wp-json\/wp\/v2\/posts\/149822\/revisions"}],"predecessor-version":[{"id":149891,"href":"https:\/\/santemc.quebec\/icentre\/wp-json\/wp\/v2\/posts\/149822\/revisions\/149891"}],"wp:attachment":[{"href":"https:\/\/santemc.quebec\/icentre\/wp-json\/wp\/v2\/media?parent=149822"}],"wp:term":[{"taxonomy":"category","embeddable":true,"href":"https:\/\/santemc.quebec\/icentre\/wp-json\/wp\/v2\/categories?post=149822"},{"taxonomy":"post_tag","embeddable":true,"href":"https:\/\/santemc.quebec\/icentre\/wp-json\/wp\/v2\/tags?post=149822"}],"curies":[{"name":"wp","href":"https:\/\/api.w.org\/{rel}","templated":true}]}}