{"id":151,"date":"2015-05-11T09:00:25","date_gmt":"2015-05-11T13:00:25","guid":{"rendered":"http:\/\/santemc.quebec\/journal\/?p=151"},"modified":"2015-05-11T09:22:01","modified_gmt":"2015-05-11T13:22:01","slug":"nomination-de-la-directrice-adjointe-des-services-multidisciplinaires-volet-operations","status":"publish","type":"post","link":"https:\/\/santemc.quebec\/icentre\/nomination-de-la-directrice-adjointe-des-services-multidisciplinaires-volet-operations\/","title":{"rendered":"Nomination de la directrice adjointe des services multidisciplinaires \u2013 Volet Op\u00e9rations"},"content":{"rendered":"<p>C\u2019est avec plaisir que je vous annonce la nomination de madame Jos\u00e9e Fournier au poste de directrice adjointe des services multidisciplinaires \u2013 Volet Op\u00e9rations pour le CISSS de la Mont\u00e9r\u00e9gie-Centre. Madame Fournier d\u00e9tient un baccalaur\u00e9at en sciences et une ma\u00eetrise en administration publique. Jusqu\u2019\u00e0 sa nomination, elle \u00e9tait directrice des services g\u00e9n\u00e9raux et directrice adjointe \u00e0 l\u2019administration des affaires m\u00e9dicales au CSSS Richelieu-Yamaska. Auparavant, elle a notamment \u00e9t\u00e9 coordonnatrice des services de r\u00e9adaptation et de convalescence, coordonnatrice aux admissions et aux s\u00e9jours et chef int\u00e9rimaire du service social au CSSS Sud-Ouest \u2013 Verdun.<!--more--><\/p>\n<p>Madame Fournier, qui est dans le r\u00e9seau de la sant\u00e9 et des services sociaux depuis pr\u00e8s de 30 ans, a dirig\u00e9 les activit\u00e9s des services de radiologie, de biologie m\u00e9dicale, de m\u00e9decine nucl\u00e9aire, de pharmacie, de r\u00e9adaptation, de la pr\u00e9vention et contr\u00f4le des infections, des archives-accueil-admission et de la gestion des lits. Faisant preuve d\u2019un leadership mobilisateur, madame Fournier a g\u00e9r\u00e9 avec succ\u00e8s la r\u00e9organisation de divers secteurs afin d\u2019en optimiser le fonctionnement et a coordonn\u00e9 la r\u00e9organisation de services. Elle a aussi \u00e9t\u00e9 au coeur de processus d\u2019int\u00e9gration et de fusion de services intra-\u00e9tablissement.<\/p>\n<p>Engag\u00e9e, loyale et soucieuse d\u2019atteindre les objectifs organisationnels fix\u00e9s, madame Fournier est reconnue pour son leadership mobilisateur, ses habilet\u00e9s en coaching et l\u2019\u00e9tablissement de collaborations fructueuses avec ses diff\u00e9rents partenaires internes et externes.<\/p>\n<p>Nous sommes tr\u00e8s heureux qu\u2019elle se joigne \u00e0 l\u2019\u00e9quipe de direction du CISSS de la Mont\u00e9r\u00e9gie-Centre et nous lui souhaitons la meilleure des chances dans l\u2019exercice de ses nouvelles fonctions et tout le succ\u00e8s voulu dans la poursuite de sa carri\u00e8re. 3120, boulevardons<\/p>\n","protected":false},"excerpt":{"rendered":"<p>C\u2019est avec plaisir que je vous annonce la nomination de madame Jos\u00e9e Fournier au poste de directrice adjointe des services multidisciplinaires \u2013 Volet Op\u00e9rations pour le CISSS de la Mont\u00e9r\u00e9gie-Centre. Madame Fournier d\u00e9tient un baccalaur\u00e9at en sciences et une ma\u00eetrise &hellip; <a href=\"https:\/\/santemc.quebec\/icentre\/nomination-de-la-directrice-adjointe-des-services-multidisciplinaires-volet-operations\/\">Continuer la lecture <span class=\"meta-nav\">&rarr;<\/span><\/a><\/p>\n","protected":false},"author":1,"featured_media":0,"comment_status":"open","ping_status":"closed","sticky":false,"template":"","format":"standard","meta":{"footnotes":""},"categories":[2],"tags":[8],"_links":{"self":[{"href":"https:\/\/santemc.quebec\/icentre\/wp-json\/wp\/v2\/posts\/151"}],"collection":[{"href":"https:\/\/santemc.quebec\/icentre\/wp-json\/wp\/v2\/posts"}],"about":[{"href":"https:\/\/santemc.quebec\/icentre\/wp-json\/wp\/v2\/types\/post"}],"author":[{"embeddable":true,"href":"https:\/\/santemc.quebec\/icentre\/wp-json\/wp\/v2\/users\/1"}],"replies":[{"embeddable":true,"href":"https:\/\/santemc.quebec\/icentre\/wp-json\/wp\/v2\/comments?post=151"}],"version-history":[{"count":3,"href":"https:\/\/santemc.quebec\/icentre\/wp-json\/wp\/v2\/posts\/151\/revisions"}],"predecessor-version":[{"id":154,"href":"https:\/\/santemc.quebec\/icentre\/wp-json\/wp\/v2\/posts\/151\/revisions\/154"}],"wp:attachment":[{"href":"https:\/\/santemc.quebec\/icentre\/wp-json\/wp\/v2\/media?parent=151"}],"wp:term":[{"taxonomy":"category","embeddable":true,"href":"https:\/\/santemc.quebec\/icentre\/wp-json\/wp\/v2\/categories?post=151"},{"taxonomy":"post_tag","embeddable":true,"href":"https:\/\/santemc.quebec\/icentre\/wp-json\/wp\/v2\/tags?post=151"}],"curies":[{"name":"wp","href":"https:\/\/api.w.org\/{rel}","templated":true}]}}