{"id":151347,"date":"2019-09-27T09:44:20","date_gmt":"2019-09-27T13:44:20","guid":{"rendered":"http:\/\/santemc.quebec\/icentre\/?p=151347"},"modified":"2019-09-27T09:44:20","modified_gmt":"2019-09-27T13:44:20","slug":"journee-mondiale-de-la-surdite-et-surdicecite","status":"publish","type":"post","link":"https:\/\/santemc.quebec\/icentre\/journee-mondiale-de-la-surdite-et-surdicecite\/","title":{"rendered":"Journ\u00e9e mondiale de la surdit\u00e9 et surdic\u00e9cit\u00e9"},"content":{"rendered":"<p>Samedi le 28 septembre se tiendra la Journ\u00e9e mondiale de la surdit\u00e9 et surdic\u00e9cit\u00e9. Pour l\u2019occasion, le CISSS de la Mont\u00e9r\u00e9gie-Centre tenait \u00e0 souligner que l\u2019accessibilit\u00e9 \u00e0 l\u2019information lors de soins de sant\u00e9 constitue un droit fondamental, peu importe la langue maternelle, la culture ou le handicap.<\/p>\n<p><!--more--><\/p>\n<p>Saviez-vous que les personnes sourdes peuvent avoir recours \u00e0 un interpr\u00e8te subventionn\u00e9 par le gouvernement, respectant ainsi le droit \u00e0 l\u2019\u00e9galit\u00e9 de la Charte canadienne des droits et libert\u00e9s? Il est donc toujours fortement recommand\u00e9 de faire appel \u00e0 des interpr\u00e8tes afin que les usagers re\u00e7oivent les informations n\u00e9cessaires et ad\u00e9quates sur leur \u00e9tat de sant\u00e9.<\/p>\n<p>Au besoin, n\u2019h\u00e9sitez pas \u00e0 contacter le Service d\u2019interpr\u00e9tation visuelle et tactile (SIVET) afin d\u2019obtenir les services d\u2019un interpr\u00e8te. Vous trouverez les informations n\u00e9cessaires sur son site Web : <a href=\"https:\/\/sivet.ca\/\" target=\"_blank\" rel=\"noopener noreferrer\">https:\/\/sivet.ca\/<\/a><\/p>\n<p>L\u2019apprentissage du langage des signes vous int\u00e9resse? Cela peut s\u2019av\u00e9rer pratique lors de rencontres avec des gens atteints de surdit\u00e9 afin de mieux communiquer. Vous pouvez consulter le guide pour faciliter la communication avec une personne sourde, d\u00e9velopp\u00e9 par le CIUSSS de la Capitale-Nationale, qui pourra vous outiller et vous informer dans votre apprentissage :<\/p>\n<p><a href=\"https:\/\/www.ciusss-capitalenationale.gouv.qc.ca\/sites\/default\/files\/docs\/Publications\/DIDPTSA\/guidefacilitercommsourd2014.pdf\" target=\"_blank\" rel=\"noopener noreferrer\">https:\/\/www.ciusss-capitalenationale.gouv.qc.ca\/sites\/default\/files\/docs\/Publications\/DIDPTSA\/guidefacilitercommsourd2014.pdf<\/a><\/p>\n","protected":false},"excerpt":{"rendered":"<p>Samedi le 28 septembre se tiendra la Journ\u00e9e mondiale de la surdit\u00e9 et surdic\u00e9cit\u00e9. Pour l\u2019occasion, le CISSS de la Mont\u00e9r\u00e9gie-Centre tenait \u00e0 souligner que l\u2019accessibilit\u00e9 \u00e0 l\u2019information lors de soins de sant\u00e9 constitue un droit fondamental, peu importe la &hellip; <a href=\"https:\/\/santemc.quebec\/icentre\/journee-mondiale-de-la-surdite-et-surdicecite\/\">Continuer la lecture <span class=\"meta-nav\">&rarr;<\/span><\/a><\/p>\n","protected":false},"author":9,"featured_media":0,"comment_status":"open","ping_status":"closed","sticky":false,"template":"","format":"standard","meta":{"footnotes":""},"categories":[1],"tags":[],"_links":{"self":[{"href":"https:\/\/santemc.quebec\/icentre\/wp-json\/wp\/v2\/posts\/151347"}],"collection":[{"href":"https:\/\/santemc.quebec\/icentre\/wp-json\/wp\/v2\/posts"}],"about":[{"href":"https:\/\/santemc.quebec\/icentre\/wp-json\/wp\/v2\/types\/post"}],"author":[{"embeddable":true,"href":"https:\/\/santemc.quebec\/icentre\/wp-json\/wp\/v2\/users\/9"}],"replies":[{"embeddable":true,"href":"https:\/\/santemc.quebec\/icentre\/wp-json\/wp\/v2\/comments?post=151347"}],"version-history":[{"count":1,"href":"https:\/\/santemc.quebec\/icentre\/wp-json\/wp\/v2\/posts\/151347\/revisions"}],"predecessor-version":[{"id":151348,"href":"https:\/\/santemc.quebec\/icentre\/wp-json\/wp\/v2\/posts\/151347\/revisions\/151348"}],"wp:attachment":[{"href":"https:\/\/santemc.quebec\/icentre\/wp-json\/wp\/v2\/media?parent=151347"}],"wp:term":[{"taxonomy":"category","embeddable":true,"href":"https:\/\/santemc.quebec\/icentre\/wp-json\/wp\/v2\/categories?post=151347"},{"taxonomy":"post_tag","embeddable":true,"href":"https:\/\/santemc.quebec\/icentre\/wp-json\/wp\/v2\/tags?post=151347"}],"curies":[{"name":"wp","href":"https:\/\/api.w.org\/{rel}","templated":true}]}}