{"id":152443,"date":"2019-10-02T14:10:31","date_gmt":"2019-10-02T18:10:31","guid":{"rendered":"http:\/\/santemc.quebec\/icentre\/?p=152443"},"modified":"2019-10-02T14:10:31","modified_gmt":"2019-10-02T18:10:31","slug":"le-developpement-de-la-pratique-infirmiere-praticienne-specialisee-se-poursuit-avec-lintegration-pour-la-specialite-en-soins-aux-adultes-au-cisssmc","status":"publish","type":"post","link":"https:\/\/santemc.quebec\/icentre\/le-developpement-de-la-pratique-infirmiere-praticienne-specialisee-se-poursuit-avec-lintegration-pour-la-specialite-en-soins-aux-adultes-au-cisssmc\/","title":{"rendered":"Le d\u00e9veloppement de la pratique infirmi\u00e8re praticienne sp\u00e9cialis\u00e9e se poursuit avec l\u2019int\u00e9gration pour la sp\u00e9cialit\u00e9 en soins aux adultes au CISSSMC"},"content":{"rendered":"<div id=\"attachment_152445\" style=\"width: 137px\" class=\"wp-caption alignleft\"><a href=\"https:\/\/santemc.quebec\/santemc\/icentre\/wp-content\/uploads\/2019\/10\/IPSSA.jpg\"><img aria-describedby=\"caption-attachment-152445\" decoding=\"async\" loading=\"lazy\" class=\"size-medium wp-image-152445\" src=\"https:\/\/santemc.quebec\/santemc\/icentre\/wp-content\/uploads\/2019\/10\/IPSSA-127x300.jpg\" alt=\"\" width=\"127\" height=\"300\" srcset=\"https:\/\/santemc.quebec\/santemc\/icentre\/wp-content\/uploads\/2019\/10\/IPSSA-127x300.jpg 127w, https:\/\/santemc.quebec\/santemc\/icentre\/wp-content\/uploads\/2019\/10\/IPSSA.jpg 270w\" sizes=\"(max-width: 127px) 100vw, 127px\" \/><\/a><p id=\"caption-attachment-152445\" class=\"wp-caption-text\">Bithiah Bemmi<\/p><\/div>\n<p>La Direction des soins infirmiers est fi\u00e8re de vous annoncer l\u2019arriv\u00e9e d\u2019une infirmi\u00e8re praticienne sp\u00e9cialis\u00e9e en soins aux adultes (IPSSA). Madame Bithiah Bemmi, finissante de la premi\u00e8re cohorte qu\u00e9b\u00e9coise d\u2019IPSSA, s\u2019est jointe \u00e0 notre \u00e9quipe d\u2019infirmi\u00e8res praticiennes sp\u00e9cialis\u00e9es.<\/p>\n<p><!--more--><\/p>\n<p style=\"text-align: justify; background: white; margin: 0cm 0cm 6.0pt 0cm;\">Elle travaillera en partenariat avec les \u00e9quipes m\u00e9dicales des services de m\u00e9decine interne, de chirurgie g\u00e9n\u00e9rale et orthop\u00e9dique de l\u2019H\u00f4pital du Haut-Richelieu. Concr\u00e8tement, madame Bemmi assurera des soins infirmiers et m\u00e9dicaux aupr\u00e8s de la client\u00e8le adulte des m\u00e9decins partenaires.<\/p>\n<p>La sp\u00e9cialit\u00e9 de la pratique infirmi\u00e8re avanc\u00e9e en soins aux adultes a r\u00e9cemment \u00e9t\u00e9 cr\u00e9\u00e9e et int\u00e8gre les anciennes sp\u00e9cialit\u00e9s, telles que la pratique avanc\u00e9e en n\u00e9phrologie. Cette nouvelle IPSSA favorisera la collaboration intra et interprofessionnelle et, de par son expertise, pourra participer au soutien clinique des infirmi\u00e8res, ainsi qu\u2019\u00e0 la formation de futures IPSSA.<\/p>\n<p>Nous sommes tr\u00e8s heureux d\u2019accueillir, et ce, depuis cette semaine, madame Bemmi. Son expertise contribuera \u00e0 am\u00e9liorer l&rsquo;acc\u00e8s aux soins infirmiers et m\u00e9dicaux.<\/p>\n","protected":false},"excerpt":{"rendered":"<p>La Direction des soins infirmiers est fi\u00e8re de vous annoncer l\u2019arriv\u00e9e d\u2019une infirmi\u00e8re praticienne sp\u00e9cialis\u00e9e en soins aux adultes (IPSSA). Madame Bithiah Bemmi, finissante de la premi\u00e8re cohorte qu\u00e9b\u00e9coise d\u2019IPSSA, s\u2019est jointe \u00e0 notre \u00e9quipe d\u2019infirmi\u00e8res praticiennes sp\u00e9cialis\u00e9es.<\/p>\n","protected":false},"author":9,"featured_media":0,"comment_status":"open","ping_status":"closed","sticky":false,"template":"","format":"standard","meta":{"footnotes":""},"categories":[1],"tags":[],"_links":{"self":[{"href":"https:\/\/santemc.quebec\/icentre\/wp-json\/wp\/v2\/posts\/152443"}],"collection":[{"href":"https:\/\/santemc.quebec\/icentre\/wp-json\/wp\/v2\/posts"}],"about":[{"href":"https:\/\/santemc.quebec\/icentre\/wp-json\/wp\/v2\/types\/post"}],"author":[{"embeddable":true,"href":"https:\/\/santemc.quebec\/icentre\/wp-json\/wp\/v2\/users\/9"}],"replies":[{"embeddable":true,"href":"https:\/\/santemc.quebec\/icentre\/wp-json\/wp\/v2\/comments?post=152443"}],"version-history":[{"count":3,"href":"https:\/\/santemc.quebec\/icentre\/wp-json\/wp\/v2\/posts\/152443\/revisions"}],"predecessor-version":[{"id":152709,"href":"https:\/\/santemc.quebec\/icentre\/wp-json\/wp\/v2\/posts\/152443\/revisions\/152709"}],"wp:attachment":[{"href":"https:\/\/santemc.quebec\/icentre\/wp-json\/wp\/v2\/media?parent=152443"}],"wp:term":[{"taxonomy":"category","embeddable":true,"href":"https:\/\/santemc.quebec\/icentre\/wp-json\/wp\/v2\/categories?post=152443"},{"taxonomy":"post_tag","embeddable":true,"href":"https:\/\/santemc.quebec\/icentre\/wp-json\/wp\/v2\/tags?post=152443"}],"curies":[{"name":"wp","href":"https:\/\/api.w.org\/{rel}","templated":true}]}}