{"id":153103,"date":"2019-10-03T16:17:04","date_gmt":"2019-10-03T20:17:04","guid":{"rendered":"http:\/\/santemc.quebec\/icentre\/?p=153103"},"modified":"2019-10-03T16:19:35","modified_gmt":"2019-10-03T20:19:35","slug":"retour-de-la-boutique-ephemere-au-dix30","status":"publish","type":"post","link":"https:\/\/santemc.quebec\/icentre\/retour-de-la-boutique-ephemere-au-dix30\/","title":{"rendered":"Retour de la boutique \u00e9ph\u00e9m\u00e8re au DIX30"},"content":{"rendered":"<p><a href=\"https:\/\/santemc.quebec\/santemc\/icentre\/wp-content\/uploads\/2019\/10\/boutique_1.jpg\"><img decoding=\"async\" loading=\"lazy\" class=\"size-medium wp-image-153150 alignleft\" src=\"https:\/\/santemc.quebec\/santemc\/icentre\/wp-content\/uploads\/2019\/10\/boutique_1-234x300.jpg\" alt=\"\" width=\"234\" height=\"300\" srcset=\"https:\/\/santemc.quebec\/santemc\/icentre\/wp-content\/uploads\/2019\/10\/boutique_1-234x300.jpg 234w, https:\/\/santemc.quebec\/santemc\/icentre\/wp-content\/uploads\/2019\/10\/boutique_1.jpg 375w\" sizes=\"(max-width: 234px) 100vw, 234px\" \/><\/a>Pour une deuxi\u00e8me ann\u00e9e cons\u00e9cutive, le CISSS de la Mont\u00e9r\u00e9gie-Centre d\u00e9place temporairement ses bureaux de recrutement en plein c\u0153ur du Quartier DIX30 pour quelques jours seulement! Du <strong>17 au 20 octobre 2019<\/strong>, la boutique \u00e9ph\u00e9m\u00e8re reprend du service au m\u00eame endroit, mais en formule \u00ab allong\u00e9e \u00bb de quatre jours.<\/p>\n<p>L\u2019\u00e9v\u00e9nement, qui fait partie du plan de visibilit\u00e9, d\u2019attraction et de r\u00e9tention de la main-d\u2019\u0153uvre 2019-2020, a pour objectif de recruter de fa\u00e7on intensive dans un des lieux les plus achaland\u00e9s de la Rive-Sud tout en cr\u00e9ant une occasion de visibilit\u00e9 pour le CISSS.<\/p>\n<p><!--more--><\/p>\n<p>Toutes les cat\u00e9gories d\u2019emplois seront repr\u00e9sent\u00e9es \u00e0 la boutique et les candidats int\u00e9ress\u00e9s pourront passer une entrevue sur place. La prise de rendez-vous pour une entrevue se fera en ligne, sur le site Web <a href=\"http:\/\/www.nousrecrutons.ca\" target=\"_blank\" rel=\"noopener noreferrer\">www.nousrecrutons.ca<\/a>. Comme l\u2019an pass\u00e9, le local lou\u00e9 du DIX30 sera transform\u00e9 en une boutique de recrutement invitante et color\u00e9e afin de faire vivre aux candidats une exp\u00e9rience diff\u00e9rente dans une ambiance d\u00e9contract\u00e9e.<\/p>\n<p>Soulignons que, \u00e0 l\u2019instar de l\u2019ann\u00e9e derni\u00e8re, les syndicats du CISSS seront sur place pour participer \u00e0 cette activit\u00e9 de recrutement. De plus, deux commissions scolaires de la r\u00e9gion feront partie de la boutique dans le but d\u2019informer les candidats des formations professionnelles disponibles.<\/p>\n<p>Pour promouvoir la r\u00e9ouverture de la boutique, une campagne de promotion sera lanc\u00e9e dans les prochains jours sur les m\u00e9dias sociaux, \u00e0 la radio Rouge FM ainsi que sur le site Web du magazine V\u00e9ro.<\/p>\n<p><strong>Parlez-en \u00e0 vos amis!<br \/>\n<\/strong>En tant qu\u2019employ\u00e9, gestionnaire, b\u00e9n\u00e9vole ou m\u00e9decin du CISSS de la Mont\u00e9r\u00e9gie-Centre, vous pouvez participer aux efforts de recrutement en partageant les publications et publicit\u00e9s que vous apercevrez sur les m\u00e9dias sociaux. N\u2019h\u00e9sitez pas \u00e0 faire conna\u00eetre la boutique \u00e9ph\u00e9m\u00e8re \u00e0 vos amis et \u00e0 vos proches.<\/p>\n<p><a href=\"http:\/\/www.nousrecrutons.ca\" target=\"_blank\" rel=\"noopener noreferrer\">www.nousrecrutons.ca<\/a><\/p>\n<p><a href=\"https:\/\/www.facebook.com\/cisssmc\/\" target=\"_blank\" rel=\"noopener noreferrer\">www.facebook.com\/cisssmc\/<\/a><\/p>\n<p><a href=\"https:\/\/santemc.quebec\/santemc\/icentre\/wp-content\/uploads\/2019\/10\/boutique_2.jpg\"><img decoding=\"async\" loading=\"lazy\" class=\"wp-image-153151 size-large aligncenter\" src=\"https:\/\/santemc.quebec\/santemc\/icentre\/wp-content\/uploads\/2019\/10\/boutique_2-1024x578.jpg\" alt=\"\" width=\"584\" height=\"330\" srcset=\"https:\/\/santemc.quebec\/santemc\/icentre\/wp-content\/uploads\/2019\/10\/boutique_2-1024x578.jpg 1024w, https:\/\/santemc.quebec\/santemc\/icentre\/wp-content\/uploads\/2019\/10\/boutique_2-300x169.jpg 300w, https:\/\/santemc.quebec\/santemc\/icentre\/wp-content\/uploads\/2019\/10\/boutique_2-768x434.jpg 768w, https:\/\/santemc.quebec\/santemc\/icentre\/wp-content\/uploads\/2019\/10\/boutique_2-500x282.jpg 500w, https:\/\/santemc.quebec\/santemc\/icentre\/wp-content\/uploads\/2019\/10\/boutique_2.jpg 1280w\" sizes=\"(max-width: 584px) 100vw, 584px\" \/><\/a><\/p>\n","protected":false},"excerpt":{"rendered":"<p>Pour une deuxi\u00e8me ann\u00e9e cons\u00e9cutive, le CISSS de la Mont\u00e9r\u00e9gie-Centre d\u00e9place temporairement ses bureaux de recrutement en plein c\u0153ur du Quartier DIX30 pour quelques jours seulement! Du 17 au 20 octobre 2019, la boutique \u00e9ph\u00e9m\u00e8re reprend du service au m\u00eame &hellip; <a href=\"https:\/\/santemc.quebec\/icentre\/retour-de-la-boutique-ephemere-au-dix30\/\">Continuer la lecture <span class=\"meta-nav\">&rarr;<\/span><\/a><\/p>\n","protected":false},"author":9,"featured_media":0,"comment_status":"open","ping_status":"closed","sticky":false,"template":"","format":"standard","meta":{"footnotes":""},"categories":[1],"tags":[],"_links":{"self":[{"href":"https:\/\/santemc.quebec\/icentre\/wp-json\/wp\/v2\/posts\/153103"}],"collection":[{"href":"https:\/\/santemc.quebec\/icentre\/wp-json\/wp\/v2\/posts"}],"about":[{"href":"https:\/\/santemc.quebec\/icentre\/wp-json\/wp\/v2\/types\/post"}],"author":[{"embeddable":true,"href":"https:\/\/santemc.quebec\/icentre\/wp-json\/wp\/v2\/users\/9"}],"replies":[{"embeddable":true,"href":"https:\/\/santemc.quebec\/icentre\/wp-json\/wp\/v2\/comments?post=153103"}],"version-history":[{"count":6,"href":"https:\/\/santemc.quebec\/icentre\/wp-json\/wp\/v2\/posts\/153103\/revisions"}],"predecessor-version":[{"id":153158,"href":"https:\/\/santemc.quebec\/icentre\/wp-json\/wp\/v2\/posts\/153103\/revisions\/153158"}],"wp:attachment":[{"href":"https:\/\/santemc.quebec\/icentre\/wp-json\/wp\/v2\/media?parent=153103"}],"wp:term":[{"taxonomy":"category","embeddable":true,"href":"https:\/\/santemc.quebec\/icentre\/wp-json\/wp\/v2\/categories?post=153103"},{"taxonomy":"post_tag","embeddable":true,"href":"https:\/\/santemc.quebec\/icentre\/wp-json\/wp\/v2\/tags?post=153103"}],"curies":[{"name":"wp","href":"https:\/\/api.w.org\/{rel}","templated":true}]}}