{"id":1535,"date":"2016-01-25T14:33:31","date_gmt":"2016-01-25T19:33:31","guid":{"rendered":"http:\/\/santemc.quebec\/icentre\/?p=1535"},"modified":"2016-01-25T14:33:31","modified_gmt":"2016-01-25T19:33:31","slug":"richard-deschamps-nomme-a-la-commission-sur-les-soins-de-fin-de-vie","status":"publish","type":"post","link":"https:\/\/santemc.quebec\/icentre\/richard-deschamps-nomme-a-la-commission-sur-les-soins-de-fin-de-vie\/","title":{"rendered":"Richard Deschamps nomm\u00e9 \u00e0 la Commission sur les soins de fin de vie"},"content":{"rendered":"<p>Le pr\u00e9sident-directeur g\u00e9n\u00e9ral Richard Deschamps si\u00e9gera \u00e0 la Commission sur les soins de fin de vie qui amorcera ses travaux en f\u00e9vrier.<\/p>\n<p>M. Deschamps est le repr\u00e9sentant des \u00e9tablissements de sant\u00e9 et de services sociaux nomm\u00e9 par le gouvernement du Qu\u00e9bec \u00e0 cette commission institu\u00e9e dans le cadre de la mise en \u0153uvre de la Loi concernant les soins de fin de vie.<!--more--><\/p>\n<p>Cette commission a pour mandat d\u2019\u00e9valuer l\u2019application de la Loi, de veiller \u00e0 ce que les exigences particuli\u00e8res concernant l\u2019aide m\u00e9dicale \u00e0 mourir soient appliqu\u00e9es, et de donner des avis sur des questions relatives \u00e0 ce domaine au minist\u00e8re de la Sant\u00e9 et des Services sociaux.<\/p>\n<p>La Commission pourra \u00e9galement de fa\u00e7on exceptionnelle solliciter l\u2019opinion de personnes, de groupes, d\u2019experts ou commander des \u00e9tudes sur des \u00e9l\u00e9ments particuliers concernant les soins de fin de vie.<\/p>\n<p>Par cette nomination, le gouvernement reconna\u00eet l\u2019engagement de M. Deschamps \u00e0 am\u00e9liorer les services offerts aux personnes en fin de vie. D\u2019ailleurs, alors qu\u2019il \u00e9tait pr\u00e9sident-directeur g\u00e9n\u00e9ral de l\u2019Agence de la sant\u00e9 et des services sociaux de la Mont\u00e9r\u00e9gie, M. Deschamps a contribu\u00e9 \u00e0 la mise sur pied d\u2019un centre de jour r\u00e9gional en soins palliatifs situ\u00e9 \u00e0 la Maison Victor-Gadbois.<\/p>\n<p>Dix autres personnes ont \u00e9t\u00e9 nomm\u00e9es pour si\u00e9ger \u00e0 cette Commission, dont cinq professionnels de la sant\u00e9 ou des services sociaux, deux juristes, deux repr\u00e9sentants des usagers et un \u00e9thicien. Un des membres de la commission doit \u00eatre issu du milieu des soins palliatifs. Les membres se r\u00e9uniront tous les deux mois pendant leur mandat de cinq ans.<\/p>\n","protected":false},"excerpt":{"rendered":"<p>Le pr\u00e9sident-directeur g\u00e9n\u00e9ral Richard Deschamps si\u00e9gera \u00e0 la Commission sur les soins de fin de vie qui amorcera ses travaux en f\u00e9vrier. M. Deschamps est le repr\u00e9sentant des \u00e9tablissements de sant\u00e9 et de services sociaux nomm\u00e9 par le gouvernement du &hellip; <a href=\"https:\/\/santemc.quebec\/icentre\/richard-deschamps-nomme-a-la-commission-sur-les-soins-de-fin-de-vie\/\">Continuer la lecture <span class=\"meta-nav\">&rarr;<\/span><\/a><\/p>\n","protected":false},"author":1,"featured_media":0,"comment_status":"open","ping_status":"closed","sticky":false,"template":"","format":"standard","meta":{"footnotes":""},"categories":[1],"tags":[],"_links":{"self":[{"href":"https:\/\/santemc.quebec\/icentre\/wp-json\/wp\/v2\/posts\/1535"}],"collection":[{"href":"https:\/\/santemc.quebec\/icentre\/wp-json\/wp\/v2\/posts"}],"about":[{"href":"https:\/\/santemc.quebec\/icentre\/wp-json\/wp\/v2\/types\/post"}],"author":[{"embeddable":true,"href":"https:\/\/santemc.quebec\/icentre\/wp-json\/wp\/v2\/users\/1"}],"replies":[{"embeddable":true,"href":"https:\/\/santemc.quebec\/icentre\/wp-json\/wp\/v2\/comments?post=1535"}],"version-history":[{"count":1,"href":"https:\/\/santemc.quebec\/icentre\/wp-json\/wp\/v2\/posts\/1535\/revisions"}],"predecessor-version":[{"id":1536,"href":"https:\/\/santemc.quebec\/icentre\/wp-json\/wp\/v2\/posts\/1535\/revisions\/1536"}],"wp:attachment":[{"href":"https:\/\/santemc.quebec\/icentre\/wp-json\/wp\/v2\/media?parent=1535"}],"wp:term":[{"taxonomy":"category","embeddable":true,"href":"https:\/\/santemc.quebec\/icentre\/wp-json\/wp\/v2\/categories?post=1535"},{"taxonomy":"post_tag","embeddable":true,"href":"https:\/\/santemc.quebec\/icentre\/wp-json\/wp\/v2\/tags?post=1535"}],"curies":[{"name":"wp","href":"https:\/\/api.w.org\/{rel}","templated":true}]}}