{"id":154959,"date":"2019-10-09T10:33:58","date_gmt":"2019-10-09T14:33:58","guid":{"rendered":"http:\/\/santemc.quebec\/icentre\/?p=154959"},"modified":"2019-10-09T10:33:58","modified_gmt":"2019-10-09T14:33:58","slug":"porte-ouverte-a-la-maison-de-naissance-un-beau-succes","status":"publish","type":"post","link":"https:\/\/santemc.quebec\/icentre\/porte-ouverte-a-la-maison-de-naissance-un-beau-succes\/","title":{"rendered":"Porte ouverte \u00e0 la maison de naissance : un beau succ\u00e8s!"},"content":{"rendered":"<div id=\"attachment_154960\" style=\"width: 310px\" class=\"wp-caption alignleft\"><a href=\"https:\/\/santemc.quebec\/santemc\/icentre\/wp-content\/uploads\/2019\/10\/photo_famille2019.jpg\"><img aria-describedby=\"caption-attachment-154960\" decoding=\"async\" loading=\"lazy\" class=\"size-medium wp-image-154960\" src=\"https:\/\/santemc.quebec\/santemc\/icentre\/wp-content\/uploads\/2019\/10\/photo_famille2019-300x200.jpg\" alt=\"\" width=\"300\" height=\"200\" srcset=\"https:\/\/santemc.quebec\/santemc\/icentre\/wp-content\/uploads\/2019\/10\/photo_famille2019-300x200.jpg 300w, https:\/\/santemc.quebec\/santemc\/icentre\/wp-content\/uploads\/2019\/10\/photo_famille2019-768x512.jpg 768w, https:\/\/santemc.quebec\/santemc\/icentre\/wp-content\/uploads\/2019\/10\/photo_famille2019-1024x683.jpg 1024w, https:\/\/santemc.quebec\/santemc\/icentre\/wp-content\/uploads\/2019\/10\/photo_famille2019-450x300.jpg 450w, https:\/\/santemc.quebec\/santemc\/icentre\/wp-content\/uploads\/2019\/10\/photo_famille2019.jpg 1280w\" sizes=\"(max-width: 300px) 100vw, 300px\" \/><\/a><p id=\"caption-attachment-154960\" class=\"wp-caption-text\">Certains visiteurs ont particip\u00e9 \u00e0 cette photo de famille pour immortaliser cette belle journ\u00e9e.<\/p><\/div>\n<p>Samedi dernier, la population \u00e9tait invit\u00e9e \u00e0 l\u2019activit\u00e9 porte ouverte \u00e0 la Maison de naissance de Richelieu. Ce sont plus de 150 personnes qui ont r\u00e9pondu \u00e0 l\u2019invitation du comit\u00e9 de parents \u00ab R\u00e9seau Sage-Famille \u00bb et des services sage-femme du CISSSMC. L\u2019activit\u00e9 a permis \u00e0 de futures mamans, \u00e0 d\u2019actuelles et d\u2019anciennes clientes de partager leur exp\u00e9rience notamment gr\u00e2ce \u00e0 l\u2019organisation de plusieurs ateliers : massage pour b\u00e9b\u00e9, portage et s\u00e9curit\u00e9 en auto.<\/p>\n<p><!--more--><\/p>\n<p>L\u2019\u00e9quipe de sages-femmes pr\u00e9sente a fait visiter les lieux, notamment les chambres de naissance, a pr\u00e9sent\u00e9 l\u2019\u00e9quipement mis \u00e0 la disposition de la client\u00e8le afin de favoriser une naissance physiologique et l\u2019\u00e9quipement m\u00e9dical en cas de besoin.<\/p>\n<p>La client\u00e8le \u00e9tait aussi int\u00e9ress\u00e9e \u00e0 la sp\u00e9cificit\u00e9 de la pratique sage-femme comme la continuit\u00e9 de soins et de la relation, la confiance dans la comp\u00e9tence et l\u2019autonomie des femmes.<\/p>\n<p>Un coordonnateur des services pr\u00e9hospitaliers d\u2019urgence a g\u00e9n\u00e9reusement r\u00e9pondu aux questions de la population et a ouvert, aussi au plus grand bonheur des plus petits, les portes de l\u2019ambulance pr\u00e9sente sur les lieux.<\/p>\n<p>Dans une ambiance festive (jeux gonflables, barbe \u00e0 papa, ma\u00efs souffl\u00e9, etc.), les familles se sont r\u00e9unies pour un pique-nique.<\/p>\n<p>Au terme de leur visite, plusieurs femmes ont fait une demande de service.<\/p>\n<p>Merci \u00e0 toute l\u2019\u00e9quipe pour l\u2019organisation et la participation \u00e0 l\u2019activit\u00e9. Un merci particulier \u00e0 madame Nathalie S\u00e9guin, sage-femme, qui a us\u00e9 de cr\u00e9ativit\u00e9 pour que cette journ\u00e9e soit un franc succ\u00e8s!<\/p>\n","protected":false},"excerpt":{"rendered":"<p>Samedi dernier, la population \u00e9tait invit\u00e9e \u00e0 l\u2019activit\u00e9 porte ouverte \u00e0 la Maison de naissance de Richelieu. Ce sont plus de 150 personnes qui ont r\u00e9pondu \u00e0 l\u2019invitation du comit\u00e9 de parents \u00ab R\u00e9seau Sage-Famille \u00bb et des services sage-femme &hellip; <a href=\"https:\/\/santemc.quebec\/icentre\/porte-ouverte-a-la-maison-de-naissance-un-beau-succes\/\">Continuer la lecture <span class=\"meta-nav\">&rarr;<\/span><\/a><\/p>\n","protected":false},"author":9,"featured_media":0,"comment_status":"open","ping_status":"closed","sticky":false,"template":"","format":"standard","meta":{"footnotes":""},"categories":[1],"tags":[],"_links":{"self":[{"href":"https:\/\/santemc.quebec\/icentre\/wp-json\/wp\/v2\/posts\/154959"}],"collection":[{"href":"https:\/\/santemc.quebec\/icentre\/wp-json\/wp\/v2\/posts"}],"about":[{"href":"https:\/\/santemc.quebec\/icentre\/wp-json\/wp\/v2\/types\/post"}],"author":[{"embeddable":true,"href":"https:\/\/santemc.quebec\/icentre\/wp-json\/wp\/v2\/users\/9"}],"replies":[{"embeddable":true,"href":"https:\/\/santemc.quebec\/icentre\/wp-json\/wp\/v2\/comments?post=154959"}],"version-history":[{"count":1,"href":"https:\/\/santemc.quebec\/icentre\/wp-json\/wp\/v2\/posts\/154959\/revisions"}],"predecessor-version":[{"id":154961,"href":"https:\/\/santemc.quebec\/icentre\/wp-json\/wp\/v2\/posts\/154959\/revisions\/154961"}],"wp:attachment":[{"href":"https:\/\/santemc.quebec\/icentre\/wp-json\/wp\/v2\/media?parent=154959"}],"wp:term":[{"taxonomy":"category","embeddable":true,"href":"https:\/\/santemc.quebec\/icentre\/wp-json\/wp\/v2\/categories?post=154959"},{"taxonomy":"post_tag","embeddable":true,"href":"https:\/\/santemc.quebec\/icentre\/wp-json\/wp\/v2\/tags?post=154959"}],"curies":[{"name":"wp","href":"https:\/\/api.w.org\/{rel}","templated":true}]}}