{"id":1553,"date":"2016-01-29T15:44:47","date_gmt":"2016-01-29T20:44:47","guid":{"rendered":"http:\/\/santemc.quebec\/icentre\/?p=1553"},"modified":"2016-02-08T11:01:23","modified_gmt":"2016-02-08T16:01:23","slug":"les-dernieres-nominations-de-cadres-intermediaires-au-cisss-de-la-monteregie-centre-12","status":"publish","type":"post","link":"https:\/\/santemc.quebec\/icentre\/les-dernieres-nominations-de-cadres-intermediaires-au-cisss-de-la-monteregie-centre-12\/","title":{"rendered":"Les derni\u00e8res nominations de cadres interm\u00e9diaires au CISSS de la Mont\u00e9r\u00e9gie-Centre"},"content":{"rendered":"<p>Voici les plus r\u00e9centes nominations :<br \/>\n<!--more--><\/p>\n<p><strong>Direction g\u00e9n\u00e9rale adjointe<\/strong><\/p>\n<table style=\"width: 100%;\">\n<tbody>\n<tr>\n<td style=\"width: 70%;\">Chef de service \u00ab S\u00e9curit\u00e9 civile, Services pr\u00e9hospitaliers d\u2019urgence et Programme de soutien aux organismes communautaires<\/td>\n<td>Jean-Marc Breton<\/td>\n<\/tr>\n<\/tbody>\n<\/table>\n<p>&nbsp;<\/p>\n<p><strong>Direction des ressources financi\u00e8res<\/strong><\/p>\n<table style=\"width: 100%;\">\n<tbody>\n<tr>\n<td style=\"width: 70%;\">Adjointe \u00e0 la directrice<\/td>\n<td>\u00a0Catherine Beaudry<\/td>\n<\/tr>\n<\/tbody>\n<\/table>\n<p>&nbsp;<\/p>\n","protected":false},"excerpt":{"rendered":"<p>Voici les plus r\u00e9centes nominations :<\/p>\n","protected":false},"author":1,"featured_media":0,"comment_status":"open","ping_status":"closed","sticky":false,"template":"","format":"standard","meta":{"footnotes":""},"categories":[1],"tags":[8],"_links":{"self":[{"href":"https:\/\/santemc.quebec\/icentre\/wp-json\/wp\/v2\/posts\/1553"}],"collection":[{"href":"https:\/\/santemc.quebec\/icentre\/wp-json\/wp\/v2\/posts"}],"about":[{"href":"https:\/\/santemc.quebec\/icentre\/wp-json\/wp\/v2\/types\/post"}],"author":[{"embeddable":true,"href":"https:\/\/santemc.quebec\/icentre\/wp-json\/wp\/v2\/users\/1"}],"replies":[{"embeddable":true,"href":"https:\/\/santemc.quebec\/icentre\/wp-json\/wp\/v2\/comments?post=1553"}],"version-history":[{"count":7,"href":"https:\/\/santemc.quebec\/icentre\/wp-json\/wp\/v2\/posts\/1553\/revisions"}],"predecessor-version":[{"id":1611,"href":"https:\/\/santemc.quebec\/icentre\/wp-json\/wp\/v2\/posts\/1553\/revisions\/1611"}],"wp:attachment":[{"href":"https:\/\/santemc.quebec\/icentre\/wp-json\/wp\/v2\/media?parent=1553"}],"wp:term":[{"taxonomy":"category","embeddable":true,"href":"https:\/\/santemc.quebec\/icentre\/wp-json\/wp\/v2\/categories?post=1553"},{"taxonomy":"post_tag","embeddable":true,"href":"https:\/\/santemc.quebec\/icentre\/wp-json\/wp\/v2\/tags?post=1553"}],"curies":[{"name":"wp","href":"https:\/\/api.w.org\/{rel}","templated":true}]}}