{"id":155381,"date":"2019-10-10T11:18:19","date_gmt":"2019-10-10T15:18:19","guid":{"rendered":"http:\/\/santemc.quebec\/icentre\/?p=155381"},"modified":"2019-10-10T11:32:50","modified_gmt":"2019-10-10T15:32:50","slug":"la-nuit-des-sans-abri","status":"publish","type":"post","link":"https:\/\/santemc.quebec\/icentre\/la-nuit-des-sans-abri\/","title":{"rendered":"La Nuit des sans-abri"},"content":{"rendered":"<p><a href=\"https:\/\/santemc.quebec\/santemc\/icentre\/wp-content\/uploads\/2019\/10\/nuit_sansabri.jpg\"><img decoding=\"async\" loading=\"lazy\" class=\"aligncenter wp-image-155382 size-full\" src=\"https:\/\/santemc.quebec\/santemc\/icentre\/wp-content\/uploads\/2019\/10\/nuit_sansabri.jpg\" alt=\"\" width=\"851\" height=\"315\" srcset=\"https:\/\/santemc.quebec\/santemc\/icentre\/wp-content\/uploads\/2019\/10\/nuit_sansabri.jpg 851w, https:\/\/santemc.quebec\/santemc\/icentre\/wp-content\/uploads\/2019\/10\/nuit_sansabri-300x111.jpg 300w, https:\/\/santemc.quebec\/santemc\/icentre\/wp-content\/uploads\/2019\/10\/nuit_sansabri-768x284.jpg 768w, https:\/\/santemc.quebec\/santemc\/icentre\/wp-content\/uploads\/2019\/10\/nuit_sansabri-500x185.jpg 500w\" sizes=\"(max-width: 851px) 100vw, 851px\" \/><\/a><\/p>\n<p>La 30<sup>e<\/sup> \u00e9dition de la Nuit des sans-abri se tiendra le 18 octobre prochain. Cet \u00e9v\u00e9nement de solidarit\u00e9, qui a \u00e9t\u00e9 inaugur\u00e9 par les Auberges du c\u0153ur en 1989, a pour objectif de sensibiliser la population aux difficult\u00e9s v\u00e9cues par de nombreuses personnes, telle la pr\u00e9carit\u00e9 du travail et du revenu. Cette ann\u00e9e, la th\u00e9matique est<br \/>\n\u00ab Diff\u00e9rents visages, diff\u00e9rentes histoires \u00bb.<\/p>\n<p><!--more--><\/p>\n<p>Cet \u00e9v\u00e9nement rassembleur a lieu tous les ans, le troisi\u00e8me vendredi du mois d\u2019octobre, dans chaque r\u00e9gion du Qu\u00e9bec. Il r\u00e9unit les citoyens, les organismes communautaires, les organismes publics et parapublics, les artistes et, surtout, les personnes en situation pr\u00e9caire. Cette ann\u00e9e, plus de 30 villes au Qu\u00e9bec y participeront. Chaque ville cr\u00e9e un \u00e9v\u00e9nement unique \u00e0 son image, qui permet de rendre visibles les particularit\u00e9s de sa r\u00e9gion. En Mont\u00e9r\u00e9gie, l\u2019itin\u00e9rance cach\u00e9e est l\u2019itin\u00e9rance la plus v\u00e9cue.<\/p>\n<p>Venez en grand nombre dans une ville pr\u00e8s de chez vous le 18 octobre prochain\u00a0vous r\u00e9chauffer autour du brasero, symbole commun \u00e0 toutes les Nuits des sans-abri.<\/p>\n<p>Un grand merci \u00e0 tous les b\u00e9n\u00e9voles, sans qui cet \u00e9v\u00e9nement ne pourrait pas avoir lieu.<\/p>\n<table>\n<tbody>\n<tr>\n<td>La Nuit des sans-abri de la Rive-Sud<br \/>\nTable Itin\u00e9rance Rive-Sud<br \/>\n450 646-7809<br \/>\n<a href=\"mailto:tirs@live.ca\" target=\"_blank\" rel=\"noopener noreferrer\">tirs@live.ca<\/a><br \/>\n18 h \u00e0 22 h au parc St. Mark, Longueuil<\/td>\n<td>La Nuit des sans-abri de Saint-Jean-sur-Richelieu<br \/>\nTable itin\u00e9rance de Saint-Jean-sur-Richelieu<br \/>\n<a href=\"mailto:j.levesque@police.sjsr.ca\" target=\"_blank\" rel=\"noopener noreferrer\">j.levesque@police.sjsr.ca<\/a><br \/>\n17 h \u00e0 minuit au March\u00e9 public du Vieux Saint-Jean<\/td>\n<\/tr>\n<tr>\n<td>La Nuit des sans-abri de Beloeil<br \/>\nComit\u00e9 de lutte \u00e0 la pauvret\u00e9 (CLAP) de Vall\u00e9e-du-Richelieu<br \/>\n450\u00a0467-9373<br \/>\n<a href=\"mailto:familles@cabvr.org\" target=\"_blank\" rel=\"noopener noreferrer\">familles@cabvr.org<\/a><br \/>\n\u00c0 compter de 18 h, dans le Vieux-Beloeil<\/td>\n<td>La Nuit des sans-abri de Sainte-Julie<br \/>\nCorporation de d\u00e9veloppement communautaire de Marguerite-D\u2019Youville<br \/>\n450\u00a0685-1166<br \/>\n<a href=\"mailto:developpement@cdcmy.org\" target=\"_blank\" rel=\"noopener noreferrer\">developpement@cdcmy.org<\/a><br \/>\nSur le parvis de l\u2019\u00e9glise<br \/>\n19 h \u00e0 23 h<\/td>\n<\/tr>\n<tr>\n<td>La Nuit des sans-abri de Saint-Bruno<br \/>\nLe Centre d\u2019action b\u00e9n\u00e9vole <em>Les p\u2019tits bonheurs<br \/>\n<\/em>450 441-0807<br \/>\n<a href=\"mailto:infocab.petitsbonheurs@cabstbruno.org\" target=\"_blank\" rel=\"noopener noreferrer\">infocab.petitsbonheurs@cabstbruno.org<\/a><br \/>\nD\u00e8s 17 h, dans le stationnement du Centre d\u2019action b\u00e9n\u00e9vole<\/td>\n<td>La Nuit des sans-abri de Saint-Hyacinthe<br \/>\nAuberge du c\u0153ur Le Baluchon<br \/>\n450 773-8818<br \/>\n<a href=\"mailto:info@maisonlebaluchon.org\" target=\"_blank\" rel=\"noopener noreferrer\">info@maisonlebaluchon.org<\/a><br \/>\n17 h \u00e0 6 h au parc Casimir-Dessaulles<\/td>\n<\/tr>\n<tr>\n<td>La Nuit des sans-abri de Sorel-Tracy<br \/>\nLa porte du passant<br \/>\n450 551-0578<br \/>\n<u><a href=\"mailto:laportedupassant@videotron.ca\" target=\"_blank\" rel=\"noopener noreferrer\">laportedupassant@videotron.ca<\/a><br \/>\n<\/u>18 h \u00e0 23 h au parc Carr\u00e9 Royal<\/td>\n<td>La Nuit des sans-abri de Valleyfield<br \/>\nPacte de rue<br \/>\n450 373-1333<br \/>\n<a href=\"mailto:info@cabvalleyfield.com\" target=\"_blank\" rel=\"noopener noreferrer\">info@cabvalleyfield.com<\/a><br \/>\n18 h \u00e0 minuit au parc Sauv\u00e9<\/td>\n<\/tr>\n<tr>\n<td>La nuit des sans-abri de Vaudreuil-Dorion<br \/>\nL\u2019aiguillage<br \/>\n450 218-6418<br \/>\n<a href=\"http:\/\/www.aiguillage.ca\/\" target=\"_blank\" rel=\"noopener noreferrer\">www.aiguillage.ca<\/a><br \/>\n17 h \u00e0 minuit au parc Valois<\/td>\n<td>La nuit des sans-abri de Ch\u00e2teauguay<br \/>\nRIAPAS<br \/>\n450 844-3835<br \/>\n18 h \u00e0 minuit au 8, rue Rainville<\/td>\n<\/tr>\n<\/tbody>\n<\/table>\n<p>&nbsp;<\/p>\n","protected":false},"excerpt":{"rendered":"<p>La 30e \u00e9dition de la Nuit des sans-abri se tiendra le 18 octobre prochain. Cet \u00e9v\u00e9nement de solidarit\u00e9, qui a \u00e9t\u00e9 inaugur\u00e9 par les Auberges du c\u0153ur en 1989, a pour objectif de sensibiliser la population aux difficult\u00e9s v\u00e9cues par &hellip; <a href=\"https:\/\/santemc.quebec\/icentre\/la-nuit-des-sans-abri\/\">Continuer la lecture <span class=\"meta-nav\">&rarr;<\/span><\/a><\/p>\n","protected":false},"author":9,"featured_media":0,"comment_status":"open","ping_status":"closed","sticky":false,"template":"","format":"standard","meta":{"footnotes":""},"categories":[1],"tags":[],"_links":{"self":[{"href":"https:\/\/santemc.quebec\/icentre\/wp-json\/wp\/v2\/posts\/155381"}],"collection":[{"href":"https:\/\/santemc.quebec\/icentre\/wp-json\/wp\/v2\/posts"}],"about":[{"href":"https:\/\/santemc.quebec\/icentre\/wp-json\/wp\/v2\/types\/post"}],"author":[{"embeddable":true,"href":"https:\/\/santemc.quebec\/icentre\/wp-json\/wp\/v2\/users\/9"}],"replies":[{"embeddable":true,"href":"https:\/\/santemc.quebec\/icentre\/wp-json\/wp\/v2\/comments?post=155381"}],"version-history":[{"count":4,"href":"https:\/\/santemc.quebec\/icentre\/wp-json\/wp\/v2\/posts\/155381\/revisions"}],"predecessor-version":[{"id":155386,"href":"https:\/\/santemc.quebec\/icentre\/wp-json\/wp\/v2\/posts\/155381\/revisions\/155386"}],"wp:attachment":[{"href":"https:\/\/santemc.quebec\/icentre\/wp-json\/wp\/v2\/media?parent=155381"}],"wp:term":[{"taxonomy":"category","embeddable":true,"href":"https:\/\/santemc.quebec\/icentre\/wp-json\/wp\/v2\/categories?post=155381"},{"taxonomy":"post_tag","embeddable":true,"href":"https:\/\/santemc.quebec\/icentre\/wp-json\/wp\/v2\/tags?post=155381"}],"curies":[{"name":"wp","href":"https:\/\/api.w.org\/{rel}","templated":true}]}}