{"id":1555,"date":"2016-01-29T15:44:34","date_gmt":"2016-01-29T20:44:34","guid":{"rendered":"http:\/\/santemc.quebec\/icentre\/?p=1555"},"modified":"2016-01-29T15:52:08","modified_gmt":"2016-01-29T20:52:08","slug":"nomination-des-cadres-cliniques-3","status":"publish","type":"post","link":"https:\/\/santemc.quebec\/icentre\/nomination-des-cadres-cliniques-3\/","title":{"rendered":"Nomination des cadres cliniques"},"content":{"rendered":"<p>Mesdames, Messieurs,<\/p>\n<p>Suivant les processus de s\u00e9lection des postes d\u2019encadrement clinique en lien avec la r\u00e9organisation administrative, c\u2019est avec plaisir que nous vous annon\u00e7ons les nominations de la semaine.<!--more--><\/p>\n<p><strong>Direction des soins infirmiers\u00a0<\/strong><\/p>\n<table border=\"0\" cellspacing=\"0\" cellpadding=\"0\" align=\"left\">\n<tbody>\n<tr>\n<td><strong>Titre de la fonction<\/strong><\/td>\n<td><strong>Nom du titulaire<\/strong><\/td>\n<\/tr>\n<tr>\n<td style=\"width: 70%;\">Coordonnatrice des services de 1re ligne et ambulatoire g\u00e9n\u00e9rale<\/td>\n<td style=\"width: 30%;\">Lucie Bergeron<\/td>\n<\/tr>\n<\/tbody>\n<\/table>\n<p><strong>Direction du programme soutien \u00e0 l\u2019autonomie de la personne \u00e2g\u00e9e<\/strong><\/p>\n<table border=\"0\" cellspacing=\"0\" cellpadding=\"0\" align=\"left\">\n<tbody>\n<tr>\n<td style=\"width:70%\"><strong>Titre de la fonction<\/strong><\/td>\n<td style=\"width:30%\"><strong>Nom du titulaire<\/strong><\/td>\n<\/tr>\n<tr>\n<td>Chef de service du CHSLD Georges-Phaneuf (2e et 3e \u00e9tage)<\/td>\n<td>Sandra Lemay<\/td>\n<\/tr>\n<tr>\n<td>Chef d\u2019unit\u00e9 de soins palliatifs et de l\u2019unit\u00e9 de courte dur\u00e9e Annie-Claude Leboeuf<br \/>\ng\u00e9riatrique (UCDG)<\/td>\n<td>Annie-Claude Leboeuf<\/td>\n<\/tr>\n<\/tbody>\n<\/table>\n<p><strong>Direction du programme jeunesse<\/strong><\/p>\n<table border=\"0\" cellspacing=\"0\" cellpadding=\"0\" align=\"left\">\n<tbody>\n<tr>\n<td style=\"width:70%\"><strong>Titre de la fonction<\/strong><\/td>\n<td style=\"width:30%\"><strong>Nom du titulaire<\/strong><\/td>\n<\/tr>\n<tr>\n<td>Chef de l\u2019unit\u00e9 de p\u00e9diatrie (HCLM)<\/td>\n<td>Martin St-Pierre<\/td>\n<\/tr>\n<\/tbody>\n<\/table>\n<p>&nbsp;<\/p>\n<p>Les dates d\u2019entr\u00e9e en fonction des cadres nomm\u00e9s seront \u00e0 d\u00e9terminer par les directeurs concern\u00e9s.<\/p>\n<p>Nous tenons \u00e0 leur souhaiter au nom de toute l\u2019\u00e9quipe de direction le meilleur des succ\u00e8s dans la r\u00e9alisation de ces nouveaux d\u00e9fis.<\/p>\n<p>Nous vous remercions de votre attention et nous vous tiendrons inform\u00e9s des prochaines nominations entourant ce processus de r\u00e9organisation.<\/p>\n<p>&nbsp;<\/p>\n<p>Maryse Poupart,<br \/>\nDirectrice des ressources humaines, des communications et des affaires juridiques<\/p>\n","protected":false},"excerpt":{"rendered":"<p>Mesdames, Messieurs, Suivant les processus de s\u00e9lection des postes d\u2019encadrement clinique en lien avec la r\u00e9organisation administrative, c\u2019est avec plaisir que nous vous annon\u00e7ons les nominations de la semaine.<\/p>\n","protected":false},"author":1,"featured_media":0,"comment_status":"open","ping_status":"closed","sticky":false,"template":"","format":"standard","meta":{"footnotes":""},"categories":[1],"tags":[8],"_links":{"self":[{"href":"https:\/\/santemc.quebec\/icentre\/wp-json\/wp\/v2\/posts\/1555"}],"collection":[{"href":"https:\/\/santemc.quebec\/icentre\/wp-json\/wp\/v2\/posts"}],"about":[{"href":"https:\/\/santemc.quebec\/icentre\/wp-json\/wp\/v2\/types\/post"}],"author":[{"embeddable":true,"href":"https:\/\/santemc.quebec\/icentre\/wp-json\/wp\/v2\/users\/1"}],"replies":[{"embeddable":true,"href":"https:\/\/santemc.quebec\/icentre\/wp-json\/wp\/v2\/comments?post=1555"}],"version-history":[{"count":8,"href":"https:\/\/santemc.quebec\/icentre\/wp-json\/wp\/v2\/posts\/1555\/revisions"}],"predecessor-version":[{"id":1558,"href":"https:\/\/santemc.quebec\/icentre\/wp-json\/wp\/v2\/posts\/1555\/revisions\/1558"}],"wp:attachment":[{"href":"https:\/\/santemc.quebec\/icentre\/wp-json\/wp\/v2\/media?parent=1555"}],"wp:term":[{"taxonomy":"category","embeddable":true,"href":"https:\/\/santemc.quebec\/icentre\/wp-json\/wp\/v2\/categories?post=1555"},{"taxonomy":"post_tag","embeddable":true,"href":"https:\/\/santemc.quebec\/icentre\/wp-json\/wp\/v2\/tags?post=1555"}],"curies":[{"name":"wp","href":"https:\/\/api.w.org\/{rel}","templated":true}]}}