{"id":156911,"date":"2019-10-18T08:38:03","date_gmt":"2019-10-18T12:38:03","guid":{"rendered":"http:\/\/santemc.quebec\/icentre\/?p=156911"},"modified":"2019-10-18T08:41:32","modified_gmt":"2019-10-18T12:41:32","slug":"bulletin-periscope-pres-dun-monteregien-sur-six-est-fortement-derange-par-le-bruit-copy-copy-copy-copy-copy-copy-copy-copy-copy-copy-copy-copy-copy-copy-copy-copy-copy-copy-copy-copy-copy","status":"publish","type":"post","link":"https:\/\/santemc.quebec\/icentre\/bulletin-periscope-pres-dun-monteregien-sur-six-est-fortement-derange-par-le-bruit-copy-copy-copy-copy-copy-copy-copy-copy-copy-copy-copy-copy-copy-copy-copy-copy-copy-copy-copy-copy-copy\/","title":{"rendered":"Bulletin P\u00e9riscope &#8211; L&rsquo;itin\u00e9rance : un probl\u00e8me bien pr\u00e9sent en Mont\u00e9r\u00e9gie"},"content":{"rendered":"<p><img decoding=\"async\" loading=\"lazy\" class=\"aligncenter wp-image-2877 size-full\" src=\"http:\/\/santemc.quebec\/santemc\/icentre\/wp-content\/uploads\/2016\/09\/periscope.png\" alt=\"periscope\" width=\"789\" height=\"163\" srcset=\"https:\/\/santemc.quebec\/santemc\/icentre\/wp-content\/uploads\/2016\/09\/periscope.png 789w, https:\/\/santemc.quebec\/santemc\/icentre\/wp-content\/uploads\/2016\/09\/periscope-300x62.png 300w, https:\/\/santemc.quebec\/santemc\/icentre\/wp-content\/uploads\/2016\/09\/periscope-768x159.png 768w, https:\/\/santemc.quebec\/santemc\/icentre\/wp-content\/uploads\/2016\/09\/periscope-500x103.png 500w\" sizes=\"(max-width: 789px) 100vw, 789px\" \/><\/p>\n<p>Dans le cadre de la 30e \u00e9dition de la Nuit des sans-abri le 18 octobre 2019 et mise de l\u2019avant dans plus d\u2019une trentaine de villes au Qu\u00e9bec, nous vous invitons \u00e0 prendre connaissance des principales donn\u00e9es en lien avec l\u2019itin\u00e9rance en consultant notre ce num\u00e9ro du <a href=\"https:\/\/santemc.quebec\/santemc\/icentre\/wp-content\/uploads\/2019\/10\/Periscope-Itinerance.pdf\" target=\"_blank\" rel=\"noopener noreferrer\">bulletin P\u00e9riscope<\/a>.<\/p>\n<p><!--more--><\/p>\n<p>Selon le d\u00e9nombrement r\u00e9alis\u00e9 le 24 avril 2018, on compte pr\u00e8s de 300 personnes en situation d\u2019itin\u00e9rance visible en Mont\u00e9r\u00e9gie. \u00a0Sur la base des questionnaires recueillis, le tiers des personnes en situation d\u2019itin\u00e9rance ont connu leur premier \u00e9pisode d\u2019itin\u00e9rance il y a dix ans ou plus et le tiers ont \u00e9t\u00e9 en situation d\u2019itin\u00e9rance toute l\u2019ann\u00e9e. Les personnes qui dorment dans des lieux ext\u00e9rieurs pr\u00e9sentent un profil pr\u00e9occupant \u00e0 plusieurs \u00e9gards. Par ailleurs, le profil des r\u00e9pondants de la Mont\u00e9r\u00e9gie se distingue de celui des r\u00e9pondants du reste du Qu\u00e9bec, notamment en ce qui a trait aux raisons \u00e9voqu\u00e9es de la perte de logement.<\/p>\n","protected":false},"excerpt":{"rendered":"<p>Dans le cadre de la 30e \u00e9dition de la Nuit des sans-abri le 18 octobre 2019 et mise de l\u2019avant dans plus d\u2019une trentaine de villes au Qu\u00e9bec, nous vous invitons \u00e0 prendre connaissance des principales donn\u00e9es en lien avec &hellip; <a href=\"https:\/\/santemc.quebec\/icentre\/bulletin-periscope-pres-dun-monteregien-sur-six-est-fortement-derange-par-le-bruit-copy-copy-copy-copy-copy-copy-copy-copy-copy-copy-copy-copy-copy-copy-copy-copy-copy-copy-copy-copy-copy\/\">Continuer la lecture <span class=\"meta-nav\">&rarr;<\/span><\/a><\/p>\n","protected":false},"author":1,"featured_media":0,"comment_status":"open","ping_status":"closed","sticky":false,"template":"","format":"standard","meta":{"footnotes":""},"categories":[1],"tags":[44],"_links":{"self":[{"href":"https:\/\/santemc.quebec\/icentre\/wp-json\/wp\/v2\/posts\/156911"}],"collection":[{"href":"https:\/\/santemc.quebec\/icentre\/wp-json\/wp\/v2\/posts"}],"about":[{"href":"https:\/\/santemc.quebec\/icentre\/wp-json\/wp\/v2\/types\/post"}],"author":[{"embeddable":true,"href":"https:\/\/santemc.quebec\/icentre\/wp-json\/wp\/v2\/users\/1"}],"replies":[{"embeddable":true,"href":"https:\/\/santemc.quebec\/icentre\/wp-json\/wp\/v2\/comments?post=156911"}],"version-history":[{"count":4,"href":"https:\/\/santemc.quebec\/icentre\/wp-json\/wp\/v2\/posts\/156911\/revisions"}],"predecessor-version":[{"id":157848,"href":"https:\/\/santemc.quebec\/icentre\/wp-json\/wp\/v2\/posts\/156911\/revisions\/157848"}],"wp:attachment":[{"href":"https:\/\/santemc.quebec\/icentre\/wp-json\/wp\/v2\/media?parent=156911"}],"wp:term":[{"taxonomy":"category","embeddable":true,"href":"https:\/\/santemc.quebec\/icentre\/wp-json\/wp\/v2\/categories?post=156911"},{"taxonomy":"post_tag","embeddable":true,"href":"https:\/\/santemc.quebec\/icentre\/wp-json\/wp\/v2\/tags?post=156911"}],"curies":[{"name":"wp","href":"https:\/\/api.w.org\/{rel}","templated":true}]}}