{"id":1570,"date":"2016-02-04T10:13:24","date_gmt":"2016-02-04T15:13:24","guid":{"rendered":"http:\/\/santemc.quebec\/icentre\/?p=1570"},"modified":"2016-02-04T15:12:10","modified_gmt":"2016-02-04T20:12:10","slug":"semaine-nationale-de-prevention-du-suicide-tes-important-e-pour-nous-le-suicide-nest-pas-une-option","status":"publish","type":"post","link":"https:\/\/santemc.quebec\/icentre\/semaine-nationale-de-prevention-du-suicide-tes-important-e-pour-nous-le-suicide-nest-pas-une-option\/","title":{"rendered":"Semaine nationale de pr\u00e9vention du suicide : <br>\u00ab T&rsquo;es important-e pour nous. Le suicide n&rsquo;est pas une option \u00bb."},"content":{"rendered":"<p><a href=\"http:\/\/www.aqps.info\/media\/images\/AQPS_Epingle1_web_SPS2015.jpg\"><img decoding=\"async\" loading=\"lazy\" class=\"alignleft\" src=\"http:\/\/www.aqps.info\/media\/images\/AQPS_Epingle1_web_SPS2015.jpg\" alt=\"Image T'es imporant-e pour moi\" width=\"210\" height=\"142\" \/><\/a>La semaine nationale de pr\u00e9vention du suicide se tient du 31 janvier au 6 f\u00e9vrier 2016\u00a0sous le th\u00e8me \u00abT&rsquo;es important-e pour nous. Le suicide n&rsquo;est pas une option\u00bb.<\/p>\n<p><strong>B\u00e2tir un filet de s\u00e9curit\u00e9<br \/>\n<\/strong>En pr\u00e9vention du suicide, il est important de construire un filet de s\u00e9curit\u00e9 autour des personnes vuln\u00e9rables. Dire \u00e0 nos proches qu\u2019ils sont importants, que nous sommes l\u00e0 pour eux m\u00eame dans les p\u00e9riodes difficiles, contribue\u00a0certainement \u00e0 tisser ce filet humain. Demeurons vigilants\u00a0et\u00a0soyons attentifs aux signaux de d\u00e9tresse de notre entourage et de nos coll\u00e8gues de travail.<!--more--><\/p>\n<p><strong>Un ph\u00e9nom\u00e8ne qui ne semble pas s&rsquo;estomper<br \/>\n<\/strong>Selon les donn\u00e9es provisoires les plus r\u00e9centes, 1\u00a0101\u00a0suicides ont \u00e9t\u00e9 enregistr\u00e9s au Qu\u00e9bec en 2013, ce qui correspond \u00e0 un taux de 13,3\u00a0d\u00e9c\u00e8s par 100\u00a0000\u00a0personnes. Ces donn\u00e9es sugg\u00e8rent que la baisse du taux de suicide, amorc\u00e9e au d\u00e9but des ann\u00e9es\u00a02000, semble s\u2019estomper. Les donn\u00e9es provisoires de 2014 ne laissent pas entrevoir de baisse du taux de suicide au Qu\u00e9bec. Ainsi, avec les donn\u00e9es actuellement disponibles, le nombre de suicides est estim\u00e9 \u00e0 1\u00a0110 pour l\u2019ann\u00e9e\u00a02014. (<a href=\"https:\/\/www.inspq.qc.ca\/publications\/2091\" target=\"_blank\">Source : INSPQ<\/a>)<\/p>\n<p>Dans notre organisation, des infirmi\u00e8res et infirmiers qui travaillent\u00a0aupr\u00e8s de client\u00e8le plus vuln\u00e9rable participent \u00e0 la formation \u00ab <a href=\"http:\/\/www.aqps.info\/se-former\/formation-intervenir.html\" target=\"_blank\">Intervenir aupr\u00e8s de la personne suicidaire \u00e0 l&rsquo;aide de bonne pratique<\/a>\u00a0\u00bb\u00a0offerte par l\u2019Association qu\u00e9b\u00e9coise de pr\u00e9vention du suicide (AQPS). Cette formation\u00a0permet de bien outiller les intervenants afin qu&rsquo;ils puissent mieux\u00a0soutenir\u00a0les gens dans le besoin.<\/p>\n<p><strong>De l&rsquo;aide \u00e0 porter de main<br \/>\n<\/strong>Une ligne provinciale d\u2019intervention t\u00e9l\u00e9phonique en pr\u00e9vention du suicide <strong>1\u00a0866\u00a0APPELLE<\/strong> est disponible sans frais en tout temps pour les personnes en d\u00e9tresse et leurs proches.<\/p>\n<p>Vous pouvez \u00e9galement consulter le site de\u00a0<a href=\"http:\/\/www.aqps.info\/\" target=\"_blank\">l\u2019AQPS<\/a>, ou\u00a0le<a href=\"http:\/\/sante.gouv.qc.ca\/conseils-et-prevention\/prevenir-le-suicide\/\" target=\"_blank\"> Portail sant\u00e9 mieux-\u00eatre<\/a> pour obtenir plus d&rsquo;information.<\/p>\n<p>Ensemble, on peut pr\u00e9venir le suicide!<\/p>\n<p>&nbsp;<\/p>\n","protected":false},"excerpt":{"rendered":"<p>La semaine nationale de pr\u00e9vention du suicide se tient du 31 janvier au 6 f\u00e9vrier 2016\u00a0sous le th\u00e8me \u00abT&rsquo;es important-e pour nous. Le suicide n&rsquo;est pas une option\u00bb. B\u00e2tir un filet de s\u00e9curit\u00e9 En pr\u00e9vention du suicide, il est important &hellip; <a href=\"https:\/\/santemc.quebec\/icentre\/semaine-nationale-de-prevention-du-suicide-tes-important-e-pour-nous-le-suicide-nest-pas-une-option\/\">Continuer la lecture <span class=\"meta-nav\">&rarr;<\/span><\/a><\/p>\n","protected":false},"author":1,"featured_media":0,"comment_status":"open","ping_status":"closed","sticky":false,"template":"","format":"standard","meta":{"footnotes":""},"categories":[1],"tags":[],"_links":{"self":[{"href":"https:\/\/santemc.quebec\/icentre\/wp-json\/wp\/v2\/posts\/1570"}],"collection":[{"href":"https:\/\/santemc.quebec\/icentre\/wp-json\/wp\/v2\/posts"}],"about":[{"href":"https:\/\/santemc.quebec\/icentre\/wp-json\/wp\/v2\/types\/post"}],"author":[{"embeddable":true,"href":"https:\/\/santemc.quebec\/icentre\/wp-json\/wp\/v2\/users\/1"}],"replies":[{"embeddable":true,"href":"https:\/\/santemc.quebec\/icentre\/wp-json\/wp\/v2\/comments?post=1570"}],"version-history":[{"count":9,"href":"https:\/\/santemc.quebec\/icentre\/wp-json\/wp\/v2\/posts\/1570\/revisions"}],"predecessor-version":[{"id":1595,"href":"https:\/\/santemc.quebec\/icentre\/wp-json\/wp\/v2\/posts\/1570\/revisions\/1595"}],"wp:attachment":[{"href":"https:\/\/santemc.quebec\/icentre\/wp-json\/wp\/v2\/media?parent=1570"}],"wp:term":[{"taxonomy":"category","embeddable":true,"href":"https:\/\/santemc.quebec\/icentre\/wp-json\/wp\/v2\/categories?post=1570"},{"taxonomy":"post_tag","embeddable":true,"href":"https:\/\/santemc.quebec\/icentre\/wp-json\/wp\/v2\/tags?post=1570"}],"curies":[{"name":"wp","href":"https:\/\/api.w.org\/{rel}","templated":true}]}}