{"id":157427,"date":"2019-10-21T09:05:25","date_gmt":"2019-10-21T13:05:25","guid":{"rendered":"http:\/\/santemc.quebec\/icentre\/?p=157427"},"modified":"2019-10-21T16:15:56","modified_gmt":"2019-10-21T20:15:56","slug":"invitation-a-la-premiere-du-film-contamination-un-film-dont-vous-etes-le-heros","status":"publish","type":"post","link":"https:\/\/santemc.quebec\/icentre\/invitation-a-la-premiere-du-film-contamination-un-film-dont-vous-etes-le-heros\/","title":{"rendered":"Invitation \u00e0 la premi\u00e8re du film CONTAMINATION\u2026 un film dont vous \u00eates le h\u00e9ros!"},"content":{"rendered":"<p><strong><em>Semaine de l\u2019hygi\u00e8ne des mains 2019<\/em><\/strong><\/p>\n<p>Afin de souligner la Semaine de l\u2019hygi\u00e8ne des mains 2019, qui se tiendra du 4 au 15 novembre prochain, l\u2019\u00e9quipe de Pr\u00e9vention et du contr\u00f4le des infections (PCI) vous invite \u00e0 la <strong>premi\u00e8re du film CONTAMINATION<\/strong>, qui se d\u00e9roulera dans les diff\u00e9rentes installations du CISSS de la Mont\u00e9r\u00e9gie-Centre.<\/p>\n<p><!--more--><\/p>\n<p>Vous pourrez donc assister en primeur au visionnement des capsules Web d\u00e9di\u00e9es uniquement au personnel de la sant\u00e9. Ces capsules s\u2019ins\u00e8rent d\u2019ailleurs dans la continuit\u00e9 de la campagne \u00ab <a href=\"https:\/\/lasolutionentrevosmains.ca\/\" target=\"_blank\" rel=\"noopener noreferrer\">La solution entre vos mains<\/a> \u00bb.<\/p>\n<p>Il y aura des prix \u00e0 gagner, du <em>popcorn<\/em>, des jeux interactifs, un photomaton et d&rsquo;autres surprises.<\/p>\n<p>Le concept? Dans un local habill\u00e9 pour l\u2019occasion en \u00ab salle de cin\u00e9ma \u00bb, les participants pourront visionner les capsules Web et, par la suite, participer au jeu interactif en lien avec les vid\u00e9os. Ce moment, qui se veut convivial, permettra de d\u00e9couvrir quelles situations sont \u00e0 risque pour un patient qui a \u00e9t\u00e9 transport\u00e9 \u00e0 l\u2019h\u00f4pital o\u00f9 il a d\u00fb subir une chirurgie. Au cours de son \u00e9pisode de soins, ce m\u00eame patient a \u00e9t\u00e9 expos\u00e9 \u00e0 plusieurs situations \u00e0 risque, avant que son \u00e9tat de sant\u00e9 ne se d\u00e9t\u00e9riore. Chacune d\u2019entre elles a possiblement contribu\u00e9 \u00e0 la transmission d\u2019une infection qui pourrait se r\u00e9v\u00e9ler fatale. Au total, l\u2019activit\u00e9 ne durera qu\u2019une quinzaine de minutes.<\/p>\n<p>Le but est de rappeler au personnel les bonnes pratiques en mati\u00e8re de pr\u00e9vention des infections et d\u2019hygi\u00e8ne des mains. Les employ\u00e9s sont donc invit\u00e9s en grand nombre \u00e0 participer aux \u00e9v\u00e9nements.<\/p>\n<p><strong>Un hashtag \u00e0 faire circuler sur Facebook<br \/>\n<\/strong>L\u2019\u00e9quipe PCI invite aussi tous les employ\u00e9s du CISSSMC \u00e0 venir prendre une photo avec le d\u00e9cor et les accessoires qui seront mis \u00e0 votre disposition et de publier votre clich\u00e9 sur Facebook en indiquant <strong>#lasolutionentrevosmains<\/strong>. Soit directement sur la page du <a href=\"https:\/\/www.facebook.com\/cisssmc\/\" target=\"_blank\" rel=\"noopener noreferrer\">CISSS de la Mont\u00e9r\u00e9gie-Centre<\/a> ou sur votre page personnelle (la photo doit \u00eatre publique).<\/p>\n<p>Un prix sera attribu\u00e9 au hasard parmi ceux qui auront particip\u00e9 et qui auront contribu\u00e9 \u00e0 promouvoir l\u2019hygi\u00e8ne des mains.<\/p>\n<p>Soyez aux premi\u00e8res loges. Nous vous y attendons!<\/p>\n<div id=\"attachment_159149\" style=\"width: 650px\" class=\"wp-caption aligncenter\"><a href=\"https:\/\/santemc.quebec\/santemc\/icentre\/wp-content\/uploads\/2019\/10\/equipe_PCI.jpg\"><img aria-describedby=\"caption-attachment-159149\" decoding=\"async\" loading=\"lazy\" class=\"wp-image-159149 size-full\" src=\"https:\/\/santemc.quebec\/santemc\/icentre\/wp-content\/uploads\/2019\/10\/equipe_PCI.jpg\" alt=\"\" width=\"640\" height=\"299\" srcset=\"https:\/\/santemc.quebec\/santemc\/icentre\/wp-content\/uploads\/2019\/10\/equipe_PCI.jpg 640w, https:\/\/santemc.quebec\/santemc\/icentre\/wp-content\/uploads\/2019\/10\/equipe_PCI-300x140.jpg 300w, https:\/\/santemc.quebec\/santemc\/icentre\/wp-content\/uploads\/2019\/10\/equipe_PCI-500x234.jpg 500w\" sizes=\"(max-width: 640px) 100vw, 640px\" \/><\/a><p id=\"caption-attachment-159149\" class=\"wp-caption-text\">De gauche \u00e0 droite en bas : Genevi\u00e8ve Caron (AIC en pr\u00e9vention et contr\u00f4le des infections); Jos\u00e9e Paquin (adjointe \u00e0 la DSI Pr\u00e9vention et contr\u00f4le des infections); Nathalie Couture (conseill\u00e8re PCI); Annick Boulais (AIC en pr\u00e9vention et contr\u00f4le des infections); Myl\u00e8ne Lemieux (conseill\u00e8re PCI).\u00a0<br \/>De gauche \u00e0 droite en haut: M\u00e9lanie Auger (conseill\u00e8re PCI); V\u00e9ronique Lagac\u00e9 (conseill\u00e8re PCI); Martine H\u00e9roux (conseill\u00e8re PCI); Cynthia Langlais (conseill\u00e8re PCI); Genevi\u00e8ve Daigneault (conseill\u00e8re PCI); Josianne Cr\u00eate (conseill\u00e8re PCI); Josiane Charest (conseill\u00e8re PCI); Am\u00e9lie Barrette-Latour (conseill\u00e8re PCI) et Eve-Lyne Iler (agente administrative en PCI).<br \/>Sont absentes : Val\u00e9rie Baron (technicienne en b\u00e2timents) et Suzanne Pilon (agente administrative).<\/p><\/div>\n<p>&nbsp;<\/p>\n<p><a href=\"https:\/\/santemc.quebec\/santemc\/icentre\/wp-content\/uploads\/2019\/10\/horaire_RLSChamplain.png\"><img decoding=\"async\" loading=\"lazy\" class=\"aligncenter wp-image-159148\" src=\"https:\/\/santemc.quebec\/santemc\/icentre\/wp-content\/uploads\/2019\/10\/horaire_RLSChamplain.png\" alt=\"\" width=\"618\" height=\"406\" srcset=\"https:\/\/santemc.quebec\/santemc\/icentre\/wp-content\/uploads\/2019\/10\/horaire_RLSChamplain.png 724w, https:\/\/santemc.quebec\/santemc\/icentre\/wp-content\/uploads\/2019\/10\/horaire_RLSChamplain-300x197.png 300w, https:\/\/santemc.quebec\/santemc\/icentre\/wp-content\/uploads\/2019\/10\/horaire_RLSChamplain-456x300.png 456w\" sizes=\"(max-width: 618px) 100vw, 618px\" \/><\/a><\/p>\n<p><a href=\"https:\/\/santemc.quebec\/santemc\/icentre\/wp-content\/uploads\/2019\/10\/horaire_RLSHRR.png\"><img decoding=\"async\" loading=\"lazy\" class=\"wp-image-159147 size-full aligncenter\" src=\"https:\/\/santemc.quebec\/santemc\/icentre\/wp-content\/uploads\/2019\/10\/horaire_RLSHRR.png\" alt=\"\" width=\"618\" height=\"513\" srcset=\"https:\/\/santemc.quebec\/santemc\/icentre\/wp-content\/uploads\/2019\/10\/horaire_RLSHRR.png 618w, https:\/\/santemc.quebec\/santemc\/icentre\/wp-content\/uploads\/2019\/10\/horaire_RLSHRR-300x249.png 300w, https:\/\/santemc.quebec\/santemc\/icentre\/wp-content\/uploads\/2019\/10\/horaire_RLSHRR-361x300.png 361w\" sizes=\"(max-width: 618px) 100vw, 618px\" \/><\/a><\/p>\n","protected":false},"excerpt":{"rendered":"<p>Semaine de l\u2019hygi\u00e8ne des mains 2019 Afin de souligner la Semaine de l\u2019hygi\u00e8ne des mains 2019, qui se tiendra du 4 au 15 novembre prochain, l\u2019\u00e9quipe de Pr\u00e9vention et du contr\u00f4le des infections (PCI) vous invite \u00e0 la premi\u00e8re du &hellip; <a href=\"https:\/\/santemc.quebec\/icentre\/invitation-a-la-premiere-du-film-contamination-un-film-dont-vous-etes-le-heros\/\">Continuer la lecture <span class=\"meta-nav\">&rarr;<\/span><\/a><\/p>\n","protected":false},"author":9,"featured_media":0,"comment_status":"open","ping_status":"closed","sticky":false,"template":"","format":"standard","meta":{"footnotes":""},"categories":[1],"tags":[],"_links":{"self":[{"href":"https:\/\/santemc.quebec\/icentre\/wp-json\/wp\/v2\/posts\/157427"}],"collection":[{"href":"https:\/\/santemc.quebec\/icentre\/wp-json\/wp\/v2\/posts"}],"about":[{"href":"https:\/\/santemc.quebec\/icentre\/wp-json\/wp\/v2\/types\/post"}],"author":[{"embeddable":true,"href":"https:\/\/santemc.quebec\/icentre\/wp-json\/wp\/v2\/users\/9"}],"replies":[{"embeddable":true,"href":"https:\/\/santemc.quebec\/icentre\/wp-json\/wp\/v2\/comments?post=157427"}],"version-history":[{"count":10,"href":"https:\/\/santemc.quebec\/icentre\/wp-json\/wp\/v2\/posts\/157427\/revisions"}],"predecessor-version":[{"id":159153,"href":"https:\/\/santemc.quebec\/icentre\/wp-json\/wp\/v2\/posts\/157427\/revisions\/159153"}],"wp:attachment":[{"href":"https:\/\/santemc.quebec\/icentre\/wp-json\/wp\/v2\/media?parent=157427"}],"wp:term":[{"taxonomy":"category","embeddable":true,"href":"https:\/\/santemc.quebec\/icentre\/wp-json\/wp\/v2\/categories?post=157427"},{"taxonomy":"post_tag","embeddable":true,"href":"https:\/\/santemc.quebec\/icentre\/wp-json\/wp\/v2\/tags?post=157427"}],"curies":[{"name":"wp","href":"https:\/\/api.w.org\/{rel}","templated":true}]}}