{"id":157513,"date":"2020-11-06T15:43:32","date_gmt":"2020-11-06T20:43:32","guid":{"rendered":"http:\/\/santemc.quebec\/icentre\/?p=157513"},"modified":"2020-11-06T15:43:41","modified_gmt":"2020-11-06T20:43:41","slug":"le-concours-de-dessins-pour-vos-enfants-est-de-retour","status":"publish","type":"post","link":"https:\/\/santemc.quebec\/icentre\/le-concours-de-dessins-pour-vos-enfants-est-de-retour\/","title":{"rendered":"Le concours de dessins pour vos enfants est de retour!"},"content":{"rendered":"<p><a href=\"https:\/\/santemc.quebec\/santemc\/icentre\/wp-content\/uploads\/2020\/11\/concoursNoel.jpg\"><img decoding=\"async\" loading=\"lazy\" class=\"alignnone size-full wp-image-191365\" src=\"https:\/\/santemc.quebec\/santemc\/icentre\/wp-content\/uploads\/2020\/11\/concoursNoel.jpg\" alt=\"\" width=\"1125\" height=\"480\" srcset=\"https:\/\/santemc.quebec\/santemc\/icentre\/wp-content\/uploads\/2020\/11\/concoursNoel.jpg 1125w, https:\/\/santemc.quebec\/santemc\/icentre\/wp-content\/uploads\/2020\/11\/concoursNoel-300x128.jpg 300w, https:\/\/santemc.quebec\/santemc\/icentre\/wp-content\/uploads\/2020\/11\/concoursNoel-1024x437.jpg 1024w, https:\/\/santemc.quebec\/santemc\/icentre\/wp-content\/uploads\/2020\/11\/concoursNoel-768x328.jpg 768w, https:\/\/santemc.quebec\/santemc\/icentre\/wp-content\/uploads\/2020\/11\/concoursNoel-500x213.jpg 500w\" sizes=\"(max-width: 1125px) 100vw, 1125px\" \/><\/a>Cette ann\u00e9e, c&rsquo;est le th\u00e8me : <strong>\u00ab\u00a0Qu&rsquo;est-ce que tu pr\u00e9f\u00e8res du temps des F\u00eates?\u00a0\u00bb\u00a0<\/strong>qui devra guider vos jeunes artistes.<\/p>\n<p>Pour une cinqui\u00e8me \u00e9dition, les enfants des employ\u00e9s et des m\u00e9decins sont invit\u00e9s \u00e0 soumettre une de leur cr\u00e9ation pour ainsi courir la chance d\u2019illustrer les cartes de v\u0153ux organisationnelles et de gagner un cadeau-surprise!<\/p>\n<p>Il est donc temps que vos petits artistes en devenir prennent crayons et pinceaux afin de nous \u00e9merveiller par leur plus belle cr\u00e9ation! <!--more--><\/p>\n<p>Ce concours s\u2019adresse aux <strong>enfants \u00e2g\u00e9s entre 4 et 12 ans inclusivement.<\/strong> Pour chacun des 3 groupes d&rsquo;\u00e2ges (4 \u00e0 6 ans, 7\u00e0 9 ans et 10 \u00e0 12 ans), un gagnant sera d\u00e9sign\u00e9 et un cadeau-surprise lui sera d\u00e9cern\u00e9.<\/p>\n<p><strong>Comment participer?<\/strong><br \/>\nUne photo du dessin doit \u00eatre envoy\u00e9e par courriel, <strong>avant le 23 novembre, 16 h,\u00a0<\/strong> \u00e0 l&rsquo;adresse suivante : <strong>comm.cisssmc16@ssss.gouv.qc.ca\u00a0<\/strong>en pr\u00e9cisant dans l&rsquo;objet : <strong>\u00ab\u00a0concours de dessins\u00a0\u00bb<\/strong>.<\/p>\n<p>Un enfant ne peut soumettre plus d\u2019un dessin. Le dessin doit \u00eatre de format lettre (8,5 pouces par 11 pouces), orientation paysage (horizontale) et la photo doit \u00eatre de qualit\u00e9 suffisante.<br \/>\nAfin de retracer l\u2019artiste d\u2019un chef-d\u2019\u0153uvre, il est essentiel d\u2019identifier, dans votre courriel, l\u2019enfant (nom, pr\u00e9nom et \u00e2ge) et le parent (nom, pr\u00e9nom, titre d\u2019emploi, nom de l\u2019installation o\u00f9 il travaille et son num\u00e9ro de t\u00e9l\u00e9phone).<\/p>\n<p>Les gagnants seront d\u00e9voil\u00e9s au mois de d\u00e9cembre.<\/p>\n<p>Pour consulter tous les r\u00e8glements : <a href=\"https:\/\/santemc.quebec\/santemc\/icentre\/wp-content\/uploads\/2020\/11\/R\u00e8glement-du-concours_2020.docx\" target=\"_blank\" rel=\"noopener noreferrer\">cliquez ici<\/a><\/p>\n<p>Voir l\u2019affiche du concours : <a href=\"https:\/\/santemc.quebec\/santemc\/icentre\/wp-content\/uploads\/2020\/11\/AfficheNoel_VF2.pdf\" target=\"_blank\" rel=\"noopener noreferrer\">cliquez ici<\/a><\/p>\n","protected":false},"excerpt":{"rendered":"<p>Cette ann\u00e9e, c&rsquo;est le th\u00e8me : \u00ab\u00a0Qu&rsquo;est-ce que tu pr\u00e9f\u00e8res du temps des F\u00eates?\u00a0\u00bb\u00a0qui devra guider vos jeunes artistes. Pour une cinqui\u00e8me \u00e9dition, les enfants des employ\u00e9s et des m\u00e9decins sont invit\u00e9s \u00e0 soumettre une de leur cr\u00e9ation pour ainsi &hellip; <a href=\"https:\/\/santemc.quebec\/icentre\/le-concours-de-dessins-pour-vos-enfants-est-de-retour\/\">Continuer la lecture <span class=\"meta-nav\">&rarr;<\/span><\/a><\/p>\n","protected":false},"author":1,"featured_media":0,"comment_status":"open","ping_status":"closed","sticky":false,"template":"","format":"standard","meta":{"footnotes":""},"categories":[1],"tags":[],"_links":{"self":[{"href":"https:\/\/santemc.quebec\/icentre\/wp-json\/wp\/v2\/posts\/157513"}],"collection":[{"href":"https:\/\/santemc.quebec\/icentre\/wp-json\/wp\/v2\/posts"}],"about":[{"href":"https:\/\/santemc.quebec\/icentre\/wp-json\/wp\/v2\/types\/post"}],"author":[{"embeddable":true,"href":"https:\/\/santemc.quebec\/icentre\/wp-json\/wp\/v2\/users\/1"}],"replies":[{"embeddable":true,"href":"https:\/\/santemc.quebec\/icentre\/wp-json\/wp\/v2\/comments?post=157513"}],"version-history":[{"count":14,"href":"https:\/\/santemc.quebec\/icentre\/wp-json\/wp\/v2\/posts\/157513\/revisions"}],"predecessor-version":[{"id":191370,"href":"https:\/\/santemc.quebec\/icentre\/wp-json\/wp\/v2\/posts\/157513\/revisions\/191370"}],"wp:attachment":[{"href":"https:\/\/santemc.quebec\/icentre\/wp-json\/wp\/v2\/media?parent=157513"}],"wp:term":[{"taxonomy":"category","embeddable":true,"href":"https:\/\/santemc.quebec\/icentre\/wp-json\/wp\/v2\/categories?post=157513"},{"taxonomy":"post_tag","embeddable":true,"href":"https:\/\/santemc.quebec\/icentre\/wp-json\/wp\/v2\/tags?post=157513"}],"curies":[{"name":"wp","href":"https:\/\/api.w.org\/{rel}","templated":true}]}}