{"id":157572,"date":"2019-10-17T15:42:35","date_gmt":"2019-10-17T19:42:35","guid":{"rendered":"http:\/\/santemc.quebec\/icentre\/?p=157572"},"modified":"2019-10-17T16:01:27","modified_gmt":"2019-10-17T20:01:27","slug":"cest-un-depart-pour-la-boutique-ephemere","status":"publish","type":"post","link":"https:\/\/santemc.quebec\/icentre\/cest-un-depart-pour-la-boutique-ephemere\/","title":{"rendered":"C\u2019est un d\u00e9part pour la boutique \u00e9ph\u00e9m\u00e8re!"},"content":{"rendered":"<p class=\"x_MsoNormal\"><img decoding=\"async\" loading=\"lazy\" class=\"alignleft size-medium wp-image-157565\" src=\"https:\/\/santemc.quebec\/santemc\/icentre\/wp-content\/uploads\/2019\/10\/73475212_1759765477490028_26966248520679424_o-300x225.jpg\" alt=\"\" width=\"300\" height=\"225\" srcset=\"https:\/\/santemc.quebec\/santemc\/icentre\/wp-content\/uploads\/2019\/10\/73475212_1759765477490028_26966248520679424_o-300x225.jpg 300w, https:\/\/santemc.quebec\/santemc\/icentre\/wp-content\/uploads\/2019\/10\/73475212_1759765477490028_26966248520679424_o-768x576.jpg 768w, https:\/\/santemc.quebec\/santemc\/icentre\/wp-content\/uploads\/2019\/10\/73475212_1759765477490028_26966248520679424_o-1024x768.jpg 1024w, https:\/\/santemc.quebec\/santemc\/icentre\/wp-content\/uploads\/2019\/10\/73475212_1759765477490028_26966248520679424_o-400x300.jpg 400w, https:\/\/santemc.quebec\/santemc\/icentre\/wp-content\/uploads\/2019\/10\/73475212_1759765477490028_26966248520679424_o.jpg 2016w\" sizes=\"(max-width: 300px) 100vw, 300px\" \/>Notre boutique \u00e9ph\u00e9m\u00e8re de recrutement a ouvert ses portes aujourd\u2019hui pour une deuxi\u00e8me \u00e9dition! Des dizaines de candidats ont r\u00e9serv\u00e9 leur entrevue en ligne au cours des derniers jours et s\u2019appr\u00eatent \u00e0 venir nous rencontrer dans notre boutique situ\u00e9e au Quartier DIX30. Jusqu\u2019\u00e0 dimanche, les \u00e9quipes de recrutement se relaieront pour accueillir les candidats et les recevoir en entrevue.<!--more--><\/p>\n<p class=\"x_MsoNormal\"><b>Invitez vos amis \u00e0 venir nous rencontrer au Dix30!<\/b><\/p>\n<p class=\"x_MsoNormal\">M\u00eame si la p\u00e9riode de r\u00e9servation en ligne des entrevues est termin\u00e9e, les candidats int\u00e9ress\u00e9s sont invit\u00e9s \u00e0 se pr\u00e9senter directement \u00e0 la boutique pour venir nous rencontrer. Des espaces ont \u00e9t\u00e9 pr\u00e9vus pour faire passer des entrevues aux gens qui n\u2019ont pas pris rendez-vous. Tous les d\u00e9tails du lieu et des heures d\u2019ouverture se trouvent sur notre site Web : <span class=\"x_MsoHyperlink\"><a id=\"LPlnk603288\" href=\"http:\/\/www.nousrecrutons.ca\/\" target=\"_blank\" rel=\"noopener noreferrer\" data-auth=\"NotApplicable\">www.nousrecrutons.ca.<\/a><\/span><\/p>\n<p>Suivez-nous sur la page <a href=\"https:\/\/www.facebook.com\/cisssmc\" target=\"_blank\" rel=\"noopener noreferrer\">Facebook du CISSS<\/a>.<\/p>\n<p>[huge_it_slider id=\u00a0\u00bb23&Prime;]<\/p>\n<p>&nbsp;<\/p>\n","protected":false},"excerpt":{"rendered":"<p>Notre boutique \u00e9ph\u00e9m\u00e8re de recrutement a ouvert ses portes aujourd\u2019hui pour une deuxi\u00e8me \u00e9dition! Des dizaines de candidats ont r\u00e9serv\u00e9 leur entrevue en ligne au cours des derniers jours et s\u2019appr\u00eatent \u00e0 venir nous rencontrer dans notre boutique situ\u00e9e au &hellip; <a href=\"https:\/\/santemc.quebec\/icentre\/cest-un-depart-pour-la-boutique-ephemere\/\">Continuer la lecture <span class=\"meta-nav\">&rarr;<\/span><\/a><\/p>\n","protected":false},"author":1,"featured_media":0,"comment_status":"open","ping_status":"closed","sticky":false,"template":"","format":"standard","meta":{"footnotes":""},"categories":[1],"tags":[],"_links":{"self":[{"href":"https:\/\/santemc.quebec\/icentre\/wp-json\/wp\/v2\/posts\/157572"}],"collection":[{"href":"https:\/\/santemc.quebec\/icentre\/wp-json\/wp\/v2\/posts"}],"about":[{"href":"https:\/\/santemc.quebec\/icentre\/wp-json\/wp\/v2\/types\/post"}],"author":[{"embeddable":true,"href":"https:\/\/santemc.quebec\/icentre\/wp-json\/wp\/v2\/users\/1"}],"replies":[{"embeddable":true,"href":"https:\/\/santemc.quebec\/icentre\/wp-json\/wp\/v2\/comments?post=157572"}],"version-history":[{"count":6,"href":"https:\/\/santemc.quebec\/icentre\/wp-json\/wp\/v2\/posts\/157572\/revisions"}],"predecessor-version":[{"id":157587,"href":"https:\/\/santemc.quebec\/icentre\/wp-json\/wp\/v2\/posts\/157572\/revisions\/157587"}],"wp:attachment":[{"href":"https:\/\/santemc.quebec\/icentre\/wp-json\/wp\/v2\/media?parent=157572"}],"wp:term":[{"taxonomy":"category","embeddable":true,"href":"https:\/\/santemc.quebec\/icentre\/wp-json\/wp\/v2\/categories?post=157572"},{"taxonomy":"post_tag","embeddable":true,"href":"https:\/\/santemc.quebec\/icentre\/wp-json\/wp\/v2\/tags?post=157572"}],"curies":[{"name":"wp","href":"https:\/\/api.w.org\/{rel}","templated":true}]}}