{"id":157577,"date":"2019-10-21T11:43:47","date_gmt":"2019-10-21T15:43:47","guid":{"rendered":"http:\/\/santemc.quebec\/icentre\/?p=157577"},"modified":"2019-10-21T11:47:56","modified_gmt":"2019-10-21T15:47:56","slug":"parcours-de-la-releve-professionnelle-nouvelles-dates-copy","status":"publish","type":"post","link":"https:\/\/santemc.quebec\/icentre\/parcours-de-la-releve-professionnelle-nouvelles-dates-copy\/","title":{"rendered":"Parcours de la rel\u00e8ve professionnelle : programmation 2019-2020"},"content":{"rendered":"<p>La Direction des services multidisciplinaires a le plaisir de pr\u00e9senter sa programmation annuelle du Parcours de la rel\u00e8ve professionnelle, un programme destin\u00e9 aux jeunes dipl\u00f4m\u00e9s membres du conseil multidisciplinaire (CM) r\u00e9cemment embauch\u00e9s.<\/p>\n<p><!--more--><\/p>\n<p>Rappelons que ce programme a \u00e9t\u00e9 mis sur pied \u00e0 la suite d&rsquo;un processus de consultation par l\u2019entremise de sondages et de <em>focus groups<\/em> dans le but de conna\u00eetre les difficult\u00e9s \u00e9prouv\u00e9es par les nouveaux intervenants et d\u2019identifier des fa\u00e7ons de les att\u00e9nuer. Cette d\u00e9marche a \u00e9t\u00e9 faite de concert avec le consortium des directeurs adjoints, l\u2019ex\u00e9cutif du conseil multidisciplinaire et l\u2019instance syndicale (APTS). L\u2019exercice a men\u00e9 \u00e0 l\u2019\u00e9laboration d\u2019un contenu de formation adapt\u00e9 aux besoins des nouveaux dipl\u00f4m\u00e9s, membres du conseil multidisciplinaire. Le contenu de formation se d\u00e9cline en trois capsules de formation :<\/p>\n<ul>\n<li>Capsule 1 : \u00ab Me situer dans ma nouvelle organisation \u00bb<\/li>\n<li>Capsule 2 : \u00ab Me centrer sur la qualit\u00e9 et les enjeux \u00e9thiques \u00bb<\/li>\n<li>Capsule 3 : \u00ab Prendre ma place dans l\u2019\u00e9quipe \u00bb<\/li>\n<\/ul>\n<p>Ces formations, offertes depuis mars 2019, visent \u00e0 faciliter l\u2019int\u00e9gration des nouveaux intervenants au sein de notre organisation en favorisant un moment d\u2019\u00e9changes, de partage des informations et de r\u00e9seautage entre les participants.<\/p>\n<p>Vous trouverez ci-joint le <a href=\"https:\/\/santemc.quebec\/santemc\/icentre\/wp-content\/uploads\/2019\/10\/plan_formation_parcours_releve_professionnelle.pdf\" target=\"_blank\" rel=\"noopener noreferrer\">plan de formation<\/a> donnant tous les d\u00e9tails sur le programme, le <a href=\"https:\/\/santemc.quebec\/santemc\/icentre\/wp-content\/uploads\/2019\/10\/calendrier_formations2019-2020_parcours_releve_professionnelle.pdf\" target=\"_blank\" rel=\"noopener noreferrer\">calendrier annuel 2019-2020<\/a>\u00a0pour les trois capsules ainsi que la <a href=\"https:\/\/santemc.quebec\/santemc\/icentre\/wp-content\/uploads\/2019\/10\/liste_titres_emploi_parcours_releve_professionnelle.pdf\" target=\"_blank\" rel=\"noopener noreferrer\">liste des titres d\u2019emploi<\/a> des membres du conseil multidisciplinaire. Nous vous invitons \u00e0 les afficher dans vos secteurs et \u00e0 en faire la promotion aupr\u00e8s de tous vos employ\u00e9s membres du CM avec peu d\u2019exp\u00e9rience professionnelle et embauch\u00e9s au cours des 12 derniers mois. <strong>Les personnes int\u00e9ress\u00e9es peuvent s\u2019inscrire d\u00e8s maintenant en cliquant sur le lien suivant (nombre limit\u00e9 de places)<\/strong> :<br \/>\n<a href=\"https:\/\/fr.surveymonkey.com\/r\/Parcours_de_la_releve_professionnelle\" target=\"_blank\" rel=\"noopener noreferrer\">https:\/\/fr.surveymonkey.com\/r\/Parcours_de_la_releve_professionnelle<\/a><\/p>\n<p>Tous les d\u00e9tails pour l\u2019inscription se trouvent dans le plan de formation. Soulignons que ces capsules ont \u00e9t\u00e9 con\u00e7ues de fa\u00e7on flexible afin de pouvoir s\u2019adapter \u00e0 la r\u00e9alit\u00e9 des diff\u00e9rents secteurs. Ces capsules sont r\u00e9p\u00e9t\u00e9es quelques fois par ann\u00e9e, sont ind\u00e9pendantes et peuvent \u00eatre suivies dans n\u2019importe quel ordre.<\/p>\n","protected":false},"excerpt":{"rendered":"<p>La Direction des services multidisciplinaires a le plaisir de pr\u00e9senter sa programmation annuelle du Parcours de la rel\u00e8ve professionnelle, un programme destin\u00e9 aux jeunes dipl\u00f4m\u00e9s membres du conseil multidisciplinaire (CM) r\u00e9cemment embauch\u00e9s.<\/p>\n","protected":false},"author":9,"featured_media":0,"comment_status":"open","ping_status":"closed","sticky":false,"template":"","format":"standard","meta":{"footnotes":""},"categories":[1],"tags":[],"_links":{"self":[{"href":"https:\/\/santemc.quebec\/icentre\/wp-json\/wp\/v2\/posts\/157577"}],"collection":[{"href":"https:\/\/santemc.quebec\/icentre\/wp-json\/wp\/v2\/posts"}],"about":[{"href":"https:\/\/santemc.quebec\/icentre\/wp-json\/wp\/v2\/types\/post"}],"author":[{"embeddable":true,"href":"https:\/\/santemc.quebec\/icentre\/wp-json\/wp\/v2\/users\/9"}],"replies":[{"embeddable":true,"href":"https:\/\/santemc.quebec\/icentre\/wp-json\/wp\/v2\/comments?post=157577"}],"version-history":[{"count":8,"href":"https:\/\/santemc.quebec\/icentre\/wp-json\/wp\/v2\/posts\/157577\/revisions"}],"predecessor-version":[{"id":159034,"href":"https:\/\/santemc.quebec\/icentre\/wp-json\/wp\/v2\/posts\/157577\/revisions\/159034"}],"wp:attachment":[{"href":"https:\/\/santemc.quebec\/icentre\/wp-json\/wp\/v2\/media?parent=157577"}],"wp:term":[{"taxonomy":"category","embeddable":true,"href":"https:\/\/santemc.quebec\/icentre\/wp-json\/wp\/v2\/categories?post=157577"},{"taxonomy":"post_tag","embeddable":true,"href":"https:\/\/santemc.quebec\/icentre\/wp-json\/wp\/v2\/tags?post=157577"}],"curies":[{"name":"wp","href":"https:\/\/api.w.org\/{rel}","templated":true}]}}