{"id":1599,"date":"2016-02-09T11:02:21","date_gmt":"2016-02-09T16:02:21","guid":{"rendered":"http:\/\/santemc.quebec\/icentre\/?p=1599"},"modified":"2016-02-09T11:02:21","modified_gmt":"2016-02-09T16:02:21","slug":"ouverture-des-nouvelles-aires-dobservation-de-lurgence-de-lhopital-charles-le-moyne","status":"publish","type":"post","link":"https:\/\/santemc.quebec\/icentre\/ouverture-des-nouvelles-aires-dobservation-de-lurgence-de-lhopital-charles-le-moyne\/","title":{"rendered":"Ouverture des nouvelles aires d\u2019observation de l\u2019urgence de l\u2019H\u00f4pital Charles-Le Moyne"},"content":{"rendered":"<p>Apr\u00e8s deux semaines intensives de pr\u00e9paratifs, avait lieu hier le d\u00e9m\u00e9nagement des anciennes observations de l\u2019urgence de l\u2019H\u00f4pital Charles-Le Moyne vers leur nouvelle installation. Gr\u00e2ce \u00e0 la collaboration des \u00e9quipes en place, l\u2019op\u00e9ration consistant \u00e0 transf\u00e9rer \u00e0 la fois les activit\u00e9s du personnel et les patients sur civi\u00e8res s\u2019est d\u00e9roul\u00e9e dans l\u2019ordre, et ce, malgr\u00e9 un taux d\u2019achalandage sans rel\u00e2che.<!--more--><\/p>\n<p>Les occupants des aires d\u2019observation b\u00e9n\u00e9ficient \u00e0 compter de maintenant de lieux plus fonctionnels, vastes et lumineux. Le nouvel environnement comporte des postes d\u2019observation centraux avec vue sur tous les patients ainsi que des salles d\u00e9di\u00e9es aux m\u00e9decins, r\u00e9sidents et professionnels. Les alc\u00f4ves pour civi\u00e8res comprennent un fauteuil, ce qui favorise la mobilisation, ainsi que l\u2019espace n\u00e9cessaire pour assurer des d\u00e9placements s\u00e9curitaires. De plus, chacune d\u2019entre elles est s\u00e9par\u00e9e par des murs, offrant une plus grande intimit\u00e9 et confidentialit\u00e9 et diminuant le risque de transmission d\u2019infections. Les nouvelles installations incluent \u00e9galement des salles d\u2019isolement \u00e0 pression n\u00e9gative, dot\u00e9es de sas de d\u00e9contamination, pour accueillir en toute s\u00e9curit\u00e9 des usagers suspect\u00e9s de maladies infectieuses.<\/p>\n<p>Rappelons que la livraison de la deuxi\u00e8me phase du projet, qui comportera notamment la nouvelle salle de choc, la salle d\u2019attente et plusieurs nouvelles salles de consultation sp\u00e9cialis\u00e9es, est attendue pour l\u2019automne prochain.<\/p>\n<p><strong>Des visites pris\u00e9es<\/strong><br \/>\nLa semaine derni\u00e8re, plus de 400 employ\u00e9s et m\u00e9decins de l\u2019h\u00f4pital ont particip\u00e9 \u00e0 l\u2019une des visites guid\u00e9es organis\u00e9es sur trois jours afin de se familiariser avec les lieux et de d\u00e9couvrir leur fonctionnalit\u00e9. Vous n\u2019avez pu y assister? Nous avons pr\u00e9par\u00e9 une courte vid\u00e9o pr\u00e9sentant l\u2019une des trois aires d\u2019observation.<\/p>\n<p><object data=\"http:\/\/flv-player.net\/medias\/player_flv_maxi.swf\" type=\"application\/x-shockwave-flash\" width=\"640\" height=\"480\"><param value=\"http:\/\/flv-player.net\/medias\/player_flv_maxi.swf\" name=\"movie\" \/><param value=\"true\" name=\"allowFullScreen\" \/><param value=\"flv=http:\/\/santemonteregie.net\/santemc\/icentre\/wp-content\/uploads\/video\/nouv_urgence_cclm_20160208.mp4&amp;title=Vid\u00e9o&amp;startimage=http:\/\/www.mobilestudios.ca\/livetvmobile\/wp-content\/uploads\/2015\/09\/play_button.png&amp;width=640&amp;height=480&amp;showstop=1&amp;showvolume=1&amp;showtime=1&amp;showfullscreen=1\" name=\"FlashVars\" \/><\/object><\/p>\n","protected":false},"excerpt":{"rendered":"<p>Apr\u00e8s deux semaines intensives de pr\u00e9paratifs, avait lieu hier le d\u00e9m\u00e9nagement des anciennes observations de l\u2019urgence de l\u2019H\u00f4pital Charles-Le Moyne vers leur nouvelle installation. Gr\u00e2ce \u00e0 la collaboration des \u00e9quipes en place, l\u2019op\u00e9ration consistant \u00e0 transf\u00e9rer \u00e0 la fois les &hellip; <a href=\"https:\/\/santemc.quebec\/icentre\/ouverture-des-nouvelles-aires-dobservation-de-lurgence-de-lhopital-charles-le-moyne\/\">Continuer la lecture <span class=\"meta-nav\">&rarr;<\/span><\/a><\/p>\n","protected":false},"author":1,"featured_media":0,"comment_status":"open","ping_status":"closed","sticky":false,"template":"","format":"standard","meta":{"footnotes":""},"categories":[1],"tags":[],"_links":{"self":[{"href":"https:\/\/santemc.quebec\/icentre\/wp-json\/wp\/v2\/posts\/1599"}],"collection":[{"href":"https:\/\/santemc.quebec\/icentre\/wp-json\/wp\/v2\/posts"}],"about":[{"href":"https:\/\/santemc.quebec\/icentre\/wp-json\/wp\/v2\/types\/post"}],"author":[{"embeddable":true,"href":"https:\/\/santemc.quebec\/icentre\/wp-json\/wp\/v2\/users\/1"}],"replies":[{"embeddable":true,"href":"https:\/\/santemc.quebec\/icentre\/wp-json\/wp\/v2\/comments?post=1599"}],"version-history":[{"count":11,"href":"https:\/\/santemc.quebec\/icentre\/wp-json\/wp\/v2\/posts\/1599\/revisions"}],"predecessor-version":[{"id":1626,"href":"https:\/\/santemc.quebec\/icentre\/wp-json\/wp\/v2\/posts\/1599\/revisions\/1626"}],"wp:attachment":[{"href":"https:\/\/santemc.quebec\/icentre\/wp-json\/wp\/v2\/media?parent=1599"}],"wp:term":[{"taxonomy":"category","embeddable":true,"href":"https:\/\/santemc.quebec\/icentre\/wp-json\/wp\/v2\/categories?post=1599"},{"taxonomy":"post_tag","embeddable":true,"href":"https:\/\/santemc.quebec\/icentre\/wp-json\/wp\/v2\/tags?post=1599"}],"curies":[{"name":"wp","href":"https:\/\/api.w.org\/{rel}","templated":true}]}}