{"id":1607,"date":"2016-02-09T09:54:15","date_gmt":"2016-02-09T14:54:15","guid":{"rendered":"http:\/\/santemc.quebec\/icentre\/?p=1607"},"modified":"2016-02-09T10:05:22","modified_gmt":"2016-02-09T15:05:22","slug":"nomination-des-cadres-cliniques-4","status":"publish","type":"post","link":"https:\/\/santemc.quebec\/icentre\/nomination-des-cadres-cliniques-4\/","title":{"rendered":"Nomination des cadres cliniques"},"content":{"rendered":"<p>Mesdames, Messieurs,<\/p>\n<p>Suivant les processus de s\u00e9lection des postes d\u2019encadrement clinique en lien avec la r\u00e9organisation administrative, c\u2019est avec plaisir que nous vous annon\u00e7ons les nominations de la semaine.<!--more--><\/p>\n<p><strong>Direction du programme jeunesse<\/strong><strong>\u00a0<\/strong><\/p>\n<div style=\"width: 100%;\">\n<table style=\"width: 75%;\" border=\"0\" cellspacing=\"0\" cellpadding=\"0\" align=\"left\">\n<tbody>\n<tr>\n<td><strong>Titre de la fonction<\/strong><\/td>\n<td><strong>Nom du titulaire<\/strong><\/td>\n<\/tr>\n<tr>\n<td style=\"width: 70%;\">Chef d\u2019unit\u00e9 de la p\u00e9dopsychiatrie (territoire CCLM)<\/td>\n<td style=\"width: 30%;\">Isabelle Dame<\/td>\n<\/tr>\n<\/tbody>\n<\/table>\n<\/div>\n<p>&nbsp;<\/p>\n<p>&nbsp;<\/p>\n<p>&nbsp;<\/p>\n<p>Les dates d\u2019entr\u00e9e en fonction des cadres nomm\u00e9s seront \u00e0 d\u00e9terminer par les directeurs concern\u00e9s.<\/p>\n<p>Nous tenons \u00e0 lui souhaiter au nom de toute l\u2019\u00e9quipe de direction le meilleur des succ\u00e8s dans la r\u00e9alisation de ces nouveaux d\u00e9fis.<\/p>\n<p>Nous vous remercions de votre attention et nous vous tiendrons inform\u00e9s des prochaines nominations entourant ce processus de r\u00e9organisation.<\/p>\n<p>&nbsp;<\/p>\n<p>Maryse Poupart,<br \/>\nDirectrice des ressources humaines, des communications et des affaires juridiques<\/p>\n","protected":false},"excerpt":{"rendered":"<p>Mesdames, Messieurs, Suivant les processus de s\u00e9lection des postes d\u2019encadrement clinique en lien avec la r\u00e9organisation administrative, c\u2019est avec plaisir que nous vous annon\u00e7ons les nominations de la semaine.<\/p>\n","protected":false},"author":1,"featured_media":0,"comment_status":"open","ping_status":"closed","sticky":false,"template":"","format":"standard","meta":{"footnotes":""},"categories":[1],"tags":[8],"_links":{"self":[{"href":"https:\/\/santemc.quebec\/icentre\/wp-json\/wp\/v2\/posts\/1607"}],"collection":[{"href":"https:\/\/santemc.quebec\/icentre\/wp-json\/wp\/v2\/posts"}],"about":[{"href":"https:\/\/santemc.quebec\/icentre\/wp-json\/wp\/v2\/types\/post"}],"author":[{"embeddable":true,"href":"https:\/\/santemc.quebec\/icentre\/wp-json\/wp\/v2\/users\/1"}],"replies":[{"embeddable":true,"href":"https:\/\/santemc.quebec\/icentre\/wp-json\/wp\/v2\/comments?post=1607"}],"version-history":[{"count":3,"href":"https:\/\/santemc.quebec\/icentre\/wp-json\/wp\/v2\/posts\/1607\/revisions"}],"predecessor-version":[{"id":1614,"href":"https:\/\/santemc.quebec\/icentre\/wp-json\/wp\/v2\/posts\/1607\/revisions\/1614"}],"wp:attachment":[{"href":"https:\/\/santemc.quebec\/icentre\/wp-json\/wp\/v2\/media?parent=1607"}],"wp:term":[{"taxonomy":"category","embeddable":true,"href":"https:\/\/santemc.quebec\/icentre\/wp-json\/wp\/v2\/categories?post=1607"},{"taxonomy":"post_tag","embeddable":true,"href":"https:\/\/santemc.quebec\/icentre\/wp-json\/wp\/v2\/tags?post=1607"}],"curies":[{"name":"wp","href":"https:\/\/api.w.org\/{rel}","templated":true}]}}