{"id":1627,"date":"2016-02-10T11:55:35","date_gmt":"2016-02-10T16:55:35","guid":{"rendered":"http:\/\/santemc.quebec\/icentre\/?p=1627"},"modified":"2016-02-10T11:58:07","modified_gmt":"2016-02-10T16:58:07","slug":"premier-forum-quebecois-sur-le-trouble-du-spectre-de-lautisme","status":"publish","type":"post","link":"https:\/\/santemc.quebec\/icentre\/premier-forum-quebecois-sur-le-trouble-du-spectre-de-lautisme\/","title":{"rendered":"Premier Forum qu\u00e9b\u00e9cois sur le trouble du spectre de l\u2019autisme"},"content":{"rendered":"<p><img decoding=\"async\" loading=\"lazy\" class=\"alignleft\" src=\"http:\/\/www.msss.gouv.qc.ca\/images\/accueil\/forum-tsa-2016.gif\" alt=\"\" width=\"120\" height=\"60\" \/>Les 11 et 12 f\u00e9vrier prochain se tiendra le premier Forum qu\u00e9b\u00e9cois sur le trouble du spectre de l\u2019autisme \u00e0 Qu\u00e9bec. Une centaine de personnes invit\u00e9es par le minist\u00e8re de la Sant\u00e9 et des Services sociaux, provenant de diff\u00e9rents horizons, se r\u00e9uniront afin de convenir des priorit\u00e9s \u00e0 mettre de l\u2019avant pour am\u00e9liorer les services offerts aux personnes ayant un trouble du spectre de l\u2019autisme et leurs proches. Quelques personnes ayant un trouble du spectre de l\u2019autisme et des repr\u00e9sentants de leur famille participeront \u00e9galement \u00e0 l\u2019\u00e9v\u00e9nement afin d\u2019influencer les d\u00e9cisions sur les actions \u00e0 entreprendre au cours des prochaines ann\u00e9es.<!--more--><\/p>\n<p>Pour plus de renseignements sur le Forum, consultez la section <a href=\"http:\/\/www.msss.gouv.qc.ca\/professionnels\/forum-tsa\/\">Forum qu\u00e9b\u00e9cois sur le trouble du spectre de l&rsquo;autisme<\/a>.<\/p>\n<p>&nbsp;<\/p>\n<p>&nbsp;<\/p>\n","protected":false},"excerpt":{"rendered":"<p>Les 11 et 12 f\u00e9vrier prochain se tiendra le premier Forum qu\u00e9b\u00e9cois sur le trouble du spectre de l\u2019autisme \u00e0 Qu\u00e9bec. Une centaine de personnes invit\u00e9es par le minist\u00e8re de la Sant\u00e9 et des Services sociaux, provenant de diff\u00e9rents horizons, &hellip; <a href=\"https:\/\/santemc.quebec\/icentre\/premier-forum-quebecois-sur-le-trouble-du-spectre-de-lautisme\/\">Continuer la lecture <span class=\"meta-nav\">&rarr;<\/span><\/a><\/p>\n","protected":false},"author":1,"featured_media":0,"comment_status":"open","ping_status":"closed","sticky":false,"template":"","format":"standard","meta":{"footnotes":""},"categories":[1],"tags":[],"_links":{"self":[{"href":"https:\/\/santemc.quebec\/icentre\/wp-json\/wp\/v2\/posts\/1627"}],"collection":[{"href":"https:\/\/santemc.quebec\/icentre\/wp-json\/wp\/v2\/posts"}],"about":[{"href":"https:\/\/santemc.quebec\/icentre\/wp-json\/wp\/v2\/types\/post"}],"author":[{"embeddable":true,"href":"https:\/\/santemc.quebec\/icentre\/wp-json\/wp\/v2\/users\/1"}],"replies":[{"embeddable":true,"href":"https:\/\/santemc.quebec\/icentre\/wp-json\/wp\/v2\/comments?post=1627"}],"version-history":[{"count":3,"href":"https:\/\/santemc.quebec\/icentre\/wp-json\/wp\/v2\/posts\/1627\/revisions"}],"predecessor-version":[{"id":1630,"href":"https:\/\/santemc.quebec\/icentre\/wp-json\/wp\/v2\/posts\/1627\/revisions\/1630"}],"wp:attachment":[{"href":"https:\/\/santemc.quebec\/icentre\/wp-json\/wp\/v2\/media?parent=1627"}],"wp:term":[{"taxonomy":"category","embeddable":true,"href":"https:\/\/santemc.quebec\/icentre\/wp-json\/wp\/v2\/categories?post=1627"},{"taxonomy":"post_tag","embeddable":true,"href":"https:\/\/santemc.quebec\/icentre\/wp-json\/wp\/v2\/tags?post=1627"}],"curies":[{"name":"wp","href":"https:\/\/api.w.org\/{rel}","templated":true}]}}