{"id":164298,"date":"2019-11-06T10:14:59","date_gmt":"2019-11-06T15:14:59","guid":{"rendered":"http:\/\/santemc.quebec\/icentre\/?p=164298"},"modified":"2019-11-06T10:16:13","modified_gmt":"2019-11-06T15:16:13","slug":"petit-rappel-plus-que-deux-jours-avant-la-fin-du-concours-de-dessins-pour-les-cartes-de-noel","status":"publish","type":"post","link":"https:\/\/santemc.quebec\/icentre\/petit-rappel-plus-que-deux-jours-avant-la-fin-du-concours-de-dessins-pour-les-cartes-de-noel\/","title":{"rendered":"Petit rappel : plus que deux jours avant la fin du concours de dessins pour les cartes de No\u00ebl!"},"content":{"rendered":"<p><a href=\"https:\/\/santemc.quebec\/santemc\/icentre\/wp-content\/uploads\/2019\/11\/iStock-1053590244_2-1.jpg\"><img decoding=\"async\" loading=\"lazy\" class=\"wp-image-162748 alignleft\" src=\"https:\/\/santemc.quebec\/santemc\/icentre\/wp-content\/uploads\/2019\/11\/iStock-1053590244_2-1-211x300.jpg\" alt=\"\" width=\"175\" height=\"249\" srcset=\"https:\/\/santemc.quebec\/santemc\/icentre\/wp-content\/uploads\/2019\/11\/iStock-1053590244_2-1-211x300.jpg 211w, https:\/\/santemc.quebec\/santemc\/icentre\/wp-content\/uploads\/2019\/11\/iStock-1053590244_2-1-768x1091.jpg 768w, https:\/\/santemc.quebec\/santemc\/icentre\/wp-content\/uploads\/2019\/11\/iStock-1053590244_2-1-721x1024.jpg 721w\" sizes=\"(max-width: 175px) 100vw, 175px\" \/><\/a><\/p>\n<p>La date limite du 8 novembre pour nous faire parvenir les dessins de vos tout-petits arrive \u00e0 grand pas! Assoyez vos jeunes artistes \u00e0 la table \u00e0 dessins afin qu\u2019ils aient la chance de voir leurs dessins apparaitre sur les cartes de No\u00ebl organisationnelles. De plus, un cadeau-surprise sera remis aux gagnants, juste avant le temps des f\u00eates! Ne tardez pas pour y participer, nous attendons vos dessins avec grande impatience!<\/p>\n<p>Pour conna\u00eetre tous les d\u00e9tails\u00a0: <a href=\"https:\/\/santemc.quebec\/icentre\/?p=157513\">https:\/\/santemc.quebec\/icentre\/?p=157513<\/a><\/p>\n<p><!--more--><\/p>\n","protected":false},"excerpt":{"rendered":"<p>La date limite du 8 novembre pour nous faire parvenir les dessins de vos tout-petits arrive \u00e0 grand pas! Assoyez vos jeunes artistes \u00e0 la table \u00e0 dessins afin qu\u2019ils aient la chance de voir leurs dessins apparaitre sur les &hellip; <a href=\"https:\/\/santemc.quebec\/icentre\/petit-rappel-plus-que-deux-jours-avant-la-fin-du-concours-de-dessins-pour-les-cartes-de-noel\/\">Continuer la lecture <span class=\"meta-nav\">&rarr;<\/span><\/a><\/p>\n","protected":false},"author":9,"featured_media":0,"comment_status":"open","ping_status":"closed","sticky":false,"template":"","format":"standard","meta":{"footnotes":""},"categories":[1],"tags":[],"_links":{"self":[{"href":"https:\/\/santemc.quebec\/icentre\/wp-json\/wp\/v2\/posts\/164298"}],"collection":[{"href":"https:\/\/santemc.quebec\/icentre\/wp-json\/wp\/v2\/posts"}],"about":[{"href":"https:\/\/santemc.quebec\/icentre\/wp-json\/wp\/v2\/types\/post"}],"author":[{"embeddable":true,"href":"https:\/\/santemc.quebec\/icentre\/wp-json\/wp\/v2\/users\/9"}],"replies":[{"embeddable":true,"href":"https:\/\/santemc.quebec\/icentre\/wp-json\/wp\/v2\/comments?post=164298"}],"version-history":[{"count":5,"href":"https:\/\/santemc.quebec\/icentre\/wp-json\/wp\/v2\/posts\/164298\/revisions"}],"predecessor-version":[{"id":164303,"href":"https:\/\/santemc.quebec\/icentre\/wp-json\/wp\/v2\/posts\/164298\/revisions\/164303"}],"wp:attachment":[{"href":"https:\/\/santemc.quebec\/icentre\/wp-json\/wp\/v2\/media?parent=164298"}],"wp:term":[{"taxonomy":"category","embeddable":true,"href":"https:\/\/santemc.quebec\/icentre\/wp-json\/wp\/v2\/categories?post=164298"},{"taxonomy":"post_tag","embeddable":true,"href":"https:\/\/santemc.quebec\/icentre\/wp-json\/wp\/v2\/tags?post=164298"}],"curies":[{"name":"wp","href":"https:\/\/api.w.org\/{rel}","templated":true}]}}