{"id":164379,"date":"2019-11-06T14:50:26","date_gmt":"2019-11-06T19:50:26","guid":{"rendered":"http:\/\/santemc.quebec\/icentre\/?p=164379"},"modified":"2019-11-06T15:03:14","modified_gmt":"2019-11-06T20:03:14","slug":"novembre-le-mois-de-la-sensibilisation-au-radon","status":"publish","type":"post","link":"https:\/\/santemc.quebec\/icentre\/novembre-le-mois-de-la-sensibilisation-au-radon\/","title":{"rendered":"Novembre, le mois de la sensibilisation au radon!"},"content":{"rendered":"<p><img decoding=\"async\" loading=\"lazy\" class=\"aligncenter wp-image-164381 size-full\" src=\"https:\/\/santemc.quebec\/santemc\/icentre\/wp-content\/uploads\/2019\/11\/74401338_1005904196429404_6898136279637032960_n.png\" alt=\"\" width=\"701\" height=\"166\" srcset=\"https:\/\/santemc.quebec\/santemc\/icentre\/wp-content\/uploads\/2019\/11\/74401338_1005904196429404_6898136279637032960_n.png 701w, https:\/\/santemc.quebec\/santemc\/icentre\/wp-content\/uploads\/2019\/11\/74401338_1005904196429404_6898136279637032960_n-300x71.png 300w, https:\/\/santemc.quebec\/santemc\/icentre\/wp-content\/uploads\/2019\/11\/74401338_1005904196429404_6898136279637032960_n-500x118.png 500w\" sizes=\"(max-width: 701px) 100vw, 701px\" \/><\/p>\n<p>Au Qu\u00e9bec, lors d\u2019un d\u00e9c\u00e8s caus\u00e9 par le cancer du poumon, 1 cas sur 6 est associ\u00e9 au radon, repr\u00e9sentant approximativement 600 d\u00e9c\u00e8s annuellement. L\u2019exposition au radon est la 2e cause de cancer du poumon apr\u00e8s le tabagisme et la 1re chez les non-fumeurs. Ce gaz radioactif canc\u00e9rig\u00e8ne, incolore et inodore, provient de la d\u00e9sint\u00e9gration de l\u2019uranium naturellement pr\u00e9sent dans les sols. Par la suite, le gaz se r\u00e9pand et peut s\u2019accumuler dans les sous-sols des b\u00e2timents par les fissures ou d\u2019autres voies d\u2019entr\u00e9es.<!--more--><\/p>\n<p>Depuis 2014, Sant\u00e9 Canada a d\u00e9sign\u00e9 le mois de novembre comme \u00e9tant le mois de sensibilisation au radon. L\u2019objectif est d\u2019informer les citoyens sur les r\u00e9percussions du radon et les inciter \u00e0 faire le d\u00e9pistage de leur domicile.<\/p>\n<p>Toutefois, le radon est difficilement d\u00e9tectable. La meilleure p\u00e9riode pour mesurer la concentration, avec l\u2019aide d\u2019appareils destin\u00e9s \u00e0 \u00e9valuer la concentration de radon dans l\u2019air int\u00e9rieur, est de novembre \u00e0 avril. Il est conseill\u00e9 de le faire sur une p\u00e9riode de trois mois. Cela peut donc permettre d\u2019identifier les sources de radon, s\u2019il y a lieu, dans votre b\u00e2timent.<\/p>\n<p>Pour plus de d\u00e9tails, consultez le site suivant : <a href=\"https:\/\/www.quebec.ca\/habitation-et-logement\/milieu-de-vie-sain\/radon-domiciliaire\/\" target=\"_blank\" rel=\"noopener noreferrer\">https:\/\/www.quebec.ca\/habitation-et-logement\/milieu-de-vie-sain\/radon-domiciliaire\/<\/a><\/p>\n","protected":false},"excerpt":{"rendered":"<p>Au Qu\u00e9bec, lors d\u2019un d\u00e9c\u00e8s caus\u00e9 par le cancer du poumon, 1 cas sur 6 est associ\u00e9 au radon, repr\u00e9sentant approximativement 600 d\u00e9c\u00e8s annuellement. L\u2019exposition au radon est la 2e cause de cancer du poumon apr\u00e8s le tabagisme et la &hellip; <a href=\"https:\/\/santemc.quebec\/icentre\/novembre-le-mois-de-la-sensibilisation-au-radon\/\">Continuer la lecture <span class=\"meta-nav\">&rarr;<\/span><\/a><\/p>\n","protected":false},"author":1,"featured_media":0,"comment_status":"open","ping_status":"closed","sticky":false,"template":"","format":"standard","meta":{"footnotes":""},"categories":[1],"tags":[],"_links":{"self":[{"href":"https:\/\/santemc.quebec\/icentre\/wp-json\/wp\/v2\/posts\/164379"}],"collection":[{"href":"https:\/\/santemc.quebec\/icentre\/wp-json\/wp\/v2\/posts"}],"about":[{"href":"https:\/\/santemc.quebec\/icentre\/wp-json\/wp\/v2\/types\/post"}],"author":[{"embeddable":true,"href":"https:\/\/santemc.quebec\/icentre\/wp-json\/wp\/v2\/users\/1"}],"replies":[{"embeddable":true,"href":"https:\/\/santemc.quebec\/icentre\/wp-json\/wp\/v2\/comments?post=164379"}],"version-history":[{"count":4,"href":"https:\/\/santemc.quebec\/icentre\/wp-json\/wp\/v2\/posts\/164379\/revisions"}],"predecessor-version":[{"id":164384,"href":"https:\/\/santemc.quebec\/icentre\/wp-json\/wp\/v2\/posts\/164379\/revisions\/164384"}],"wp:attachment":[{"href":"https:\/\/santemc.quebec\/icentre\/wp-json\/wp\/v2\/media?parent=164379"}],"wp:term":[{"taxonomy":"category","embeddable":true,"href":"https:\/\/santemc.quebec\/icentre\/wp-json\/wp\/v2\/categories?post=164379"},{"taxonomy":"post_tag","embeddable":true,"href":"https:\/\/santemc.quebec\/icentre\/wp-json\/wp\/v2\/tags?post=164379"}],"curies":[{"name":"wp","href":"https:\/\/api.w.org\/{rel}","templated":true}]}}