{"id":1647,"date":"2016-02-11T13:28:28","date_gmt":"2016-02-11T18:28:28","guid":{"rendered":"http:\/\/santemc.quebec\/icentre\/?p=1647"},"modified":"2016-02-11T13:30:23","modified_gmt":"2016-02-11T18:30:23","slug":"lancement-des-projets-virtuose","status":"publish","type":"post","link":"https:\/\/santemc.quebec\/icentre\/lancement-des-projets-virtuose\/","title":{"rendered":"Lancement des projets VIRTUOSE"},"content":{"rendered":"<p>Les membres du conseil multidisciplinaire sont\u00a0convi\u00e9s \u00e0 une visioconf\u00e9rence pr\u00e9sent\u00e9e conjointement par Madame Lyne Marquis, directrice des services multidisciplinaires (DMS), et Madame Louise Montminy, pr\u00e9sidente du conseil multidisciplinaire (CM), pour le lancement officiel des projets <strong>VIRTUOSE.<\/strong><!--more--><\/p>\n<p>Les projets <strong>VIRTUOSE<\/strong> sont des initiatives qui \u00e9mergent des membres du conseil multidisciplinaire du CISSS de la Mont\u00e9r\u00e9gie-Centre provenant de tous les secteurs. La DSM et le CM veulent par leur entremise\u00a0:<\/p>\n<ul>\n<li>Stimuler l\u2019innovation;<\/li>\n<li>Utiliser les donn\u00e9es probantes et les meilleures connaissances pour am\u00e9liorer les pratiques cliniques;<\/li>\n<li>Promouvoir l\u2019\u00e9volution de la pratique professionnelle, l\u2019enseignement et la recherche.<\/li>\n<\/ul>\n<p>Venez entendre Mesdames Marquis et Montminy vous expliquer comment la DSM et le CM peuvent vous accompagner dans vos initiatives et projets visant l\u2019am\u00e9lioration de la qualit\u00e9, l\u2019accessibilit\u00e9 et la continuit\u00e9 des services.<\/p>\n<p><strong>Les visioconf\u00e9rences auront lieu le jeudi 18 f\u00e9vrier 2016 aux heures et endroits suivants\u00a0:<\/strong><\/p>\n<table style=\"height: 694px;\" width=\"517\">\n<tbody>\n<tr>\n<td colspan=\"2\" width=\"528\"><strong>Endroit \/ Salle<\/strong><\/td>\n<td width=\"120\"><strong>Heures<\/strong><\/td>\n<\/tr>\n<tr>\n<td width=\"360\">H\u00f4pital du Haut-Richelieu<\/td>\n<td width=\"168\">Salle SS-391<\/td>\n<td width=\"120\">16 h<\/td>\n<\/tr>\n<tr>\n<td width=\"360\">CLSC de la Vall\u00e9e-des-Forts<\/td>\n<td width=\"168\">Salle 739<\/td>\n<td width=\"120\">12 h<\/td>\n<\/tr>\n<tr>\n<td width=\"360\">CHSLD Sainte-Croix (Marieville)<\/td>\n<td width=\"168\">Salle Chambly<\/td>\n<td width=\"120\">12 h et 16 h<\/td>\n<\/tr>\n<tr>\n<td width=\"360\">CLSC du Richelieu<\/td>\n<td width=\"168\">Salle 2095<\/td>\n<td width=\"120\">12 h et 16 h<\/td>\n<\/tr>\n<tr>\n<td width=\"360\">H\u00f4pital Charles-Le Moyne<\/td>\n<td width=\"168\">Salle FO-0013<\/td>\n<td width=\"120\">12 h<\/td>\n<\/tr>\n<tr>\n<td width=\"360\">H\u00f4pital Charles-Le Moyne<\/td>\n<td width=\"168\">Salle HS-0053<\/td>\n<td width=\"120\">16 h<\/td>\n<\/tr>\n<tr>\n<td width=\"360\">Centre Saint-Lambert<\/td>\n<td width=\"168\">Salle 023D<\/td>\n<td width=\"120\">16 h<\/td>\n<\/tr>\n<tr>\n<td width=\"360\">CLSC Saint-Hubert<\/td>\n<td width=\"168\">Salle 319<\/td>\n<td width=\"120\">12 h<\/td>\n<\/tr>\n<tr>\n<td width=\"360\">Installation du 1255 Beauregard<\/td>\n<td width=\"168\">Salle Fort Chambly<\/td>\n<td width=\"120\">12 h et 16 h<\/td>\n<\/tr>\n<tr>\n<td width=\"360\">Services externes de psychiatrie, Cours Singer (St-Jean-sur-Richelieu)<\/td>\n<td width=\"168\">Salle 214<\/td>\n<td width=\"120\">12 h et\u00a0 16 h<\/td>\n<\/tr>\n<tr>\n<td width=\"360\">Institut Nazareth et Louis-Braille, 2<sup>e<\/sup> \u00e9tage de la tour Ouest<\/td>\n<td width=\"168\">Salle de visioconf\u00e9rence<\/td>\n<td width=\"120\">12 h<\/td>\n<\/tr>\n<tr>\n<td width=\"360\">\u00c9cole d\u2019optom\u00e9trie (installation INLB)<\/td>\n<td width=\"168\">Salle de visioconf\u00e9rence<\/td>\n<td width=\"120\">12 h<\/td>\n<\/tr>\n<tr>\n<td width=\"360\">Institut Raymond-Dewar (installation INLB)<\/td>\n<td width=\"168\">Salle A-205<\/td>\n<td width=\"120\">12 h<\/td>\n<\/tr>\n<tr>\n<td width=\"360\">H\u00f4pital juif de r\u00e9adaptation de Laval (installation INLB)<\/td>\n<td width=\"168\">Salle A1214-A<\/td>\n<td width=\"120\">12 h<\/td>\n<\/tr>\n<\/tbody>\n<\/table>\n<p><strong><em>Au plaisir de vous voir en grand nombre. N\u2019oubliez pas votre lunch!<\/em><\/strong><\/p>\n","protected":false},"excerpt":{"rendered":"<p>Les membres du conseil multidisciplinaire sont\u00a0convi\u00e9s \u00e0 une visioconf\u00e9rence pr\u00e9sent\u00e9e conjointement par Madame Lyne Marquis, directrice des services multidisciplinaires (DMS), et Madame Louise Montminy, pr\u00e9sidente du conseil multidisciplinaire (CM), pour le lancement officiel des projets VIRTUOSE.<\/p>\n","protected":false},"author":2,"featured_media":0,"comment_status":"open","ping_status":"closed","sticky":false,"template":"","format":"standard","meta":{"footnotes":""},"categories":[1],"tags":[],"_links":{"self":[{"href":"https:\/\/santemc.quebec\/icentre\/wp-json\/wp\/v2\/posts\/1647"}],"collection":[{"href":"https:\/\/santemc.quebec\/icentre\/wp-json\/wp\/v2\/posts"}],"about":[{"href":"https:\/\/santemc.quebec\/icentre\/wp-json\/wp\/v2\/types\/post"}],"author":[{"embeddable":true,"href":"https:\/\/santemc.quebec\/icentre\/wp-json\/wp\/v2\/users\/2"}],"replies":[{"embeddable":true,"href":"https:\/\/santemc.quebec\/icentre\/wp-json\/wp\/v2\/comments?post=1647"}],"version-history":[{"count":8,"href":"https:\/\/santemc.quebec\/icentre\/wp-json\/wp\/v2\/posts\/1647\/revisions"}],"predecessor-version":[{"id":1655,"href":"https:\/\/santemc.quebec\/icentre\/wp-json\/wp\/v2\/posts\/1647\/revisions\/1655"}],"wp:attachment":[{"href":"https:\/\/santemc.quebec\/icentre\/wp-json\/wp\/v2\/media?parent=1647"}],"wp:term":[{"taxonomy":"category","embeddable":true,"href":"https:\/\/santemc.quebec\/icentre\/wp-json\/wp\/v2\/categories?post=1647"},{"taxonomy":"post_tag","embeddable":true,"href":"https:\/\/santemc.quebec\/icentre\/wp-json\/wp\/v2\/tags?post=1647"}],"curies":[{"name":"wp","href":"https:\/\/api.w.org\/{rel}","templated":true}]}}