{"id":165029,"date":"2019-11-08T14:32:38","date_gmt":"2019-11-08T19:32:38","guid":{"rendered":"http:\/\/santemc.quebec\/icentre\/?p=165029"},"modified":"2019-11-08T14:49:14","modified_gmt":"2019-11-08T19:49:14","slug":"echo-de-nos-patients-temoignage-dune-combattante-contre-le-cancer-copy-copy-copy","status":"publish","type":"post","link":"https:\/\/santemc.quebec\/icentre\/echo-de-nos-patients-temoignage-dune-combattante-contre-le-cancer-copy-copy-copy\/","title":{"rendered":"\u00c9cho de nos patients : r\u00e9apprendre les gestes quotidiens apr\u00e8s une perte de vision"},"content":{"rendered":"<p>Les patients ont beaucoup \u00e0 nous apprendre. En donnant la parole aux patients partenaires de leurs soins, cette rubrique veut faire conna\u00eetre des histoires inspirantes et des gestes qui font la diff\u00e9rence dans la vie des personnes qui affrontent la maladie.<\/p>\n<p><!--more--><\/p>\n<p><a href=\"https:\/\/santemc.quebec\/santemc\/icentre\/wp-content\/uploads\/2019\/11\/PierretteSeguin1_2035.jpg\"><img decoding=\"async\" loading=\"lazy\" class=\"size-medium wp-image-165032 alignleft\" src=\"https:\/\/santemc.quebec\/santemc\/icentre\/wp-content\/uploads\/2019\/11\/PierretteSeguin1_2035-300x225.jpg\" alt=\"\" width=\"300\" height=\"225\" srcset=\"https:\/\/santemc.quebec\/santemc\/icentre\/wp-content\/uploads\/2019\/11\/PierretteSeguin1_2035-300x225.jpg 300w, https:\/\/santemc.quebec\/santemc\/icentre\/wp-content\/uploads\/2019\/11\/PierretteSeguin1_2035-768x576.jpg 768w, https:\/\/santemc.quebec\/santemc\/icentre\/wp-content\/uploads\/2019\/11\/PierretteSeguin1_2035-1024x768.jpg 1024w, https:\/\/santemc.quebec\/santemc\/icentre\/wp-content\/uploads\/2019\/11\/PierretteSeguin1_2035-400x300.jpg 400w\" sizes=\"(max-width: 300px) 100vw, 300px\" \/><\/a>Pierrette S\u00e9guin est une femme p\u00e9tillante, dynamique qui ne fait pas ses 87 ans. Lorsqu\u2019elle a appris, il y a 4 ans, que sa d\u00e9g\u00e9n\u00e9rescence maculaire li\u00e9e \u00e0 l\u2019\u00e2ge (DMLA) avait progress\u00e9 et que son optom\u00e9triste ne pouvait, selon lui, plus rien faire pour elle, l\u2019octog\u00e9naire a v\u00e9cu un grand moment de d\u00e9couragement.<\/p>\n<p>\u00ab Je n\u2019allais plus marcher, je ne m\u2019entra\u00eenais plus, je pleurais beaucoup \u00bb, se rem\u00e9more-t-elle. C\u2019est un m\u00e9decin de l\u2019H\u00f4pital Maisonneuve-Rosemont qui l\u2019a r\u00e9f\u00e9r\u00e9e \u00e0 l\u2019Institut Nazareth et Louis-Braille (INLB).<\/p>\n<p><strong>Un espoir \u00e0 l&rsquo;horizon<br \/>\n<\/strong>\u00c0 l\u2019INLB, Madame S\u00e9guin a b\u00e9n\u00e9fici\u00e9 des services d\u2019une \u00e9quipe compl\u00e8te d\u2019intervenants travaillant en collaboration, qui ont contribu\u00e9 \u00e0 am\u00e9liorer sa qualit\u00e9 de vie au quotidien et envers lesquels elle exprime sa gratitude.<\/p>\n<p>Sa premi\u00e8re rencontre avec Marie-Line, une sp\u00e9cialiste en r\u00e9adaptation en d\u00e9ficience visuelle de l\u2019Institut, a \u00e9t\u00e9 marquante.<\/p>\n<p style=\"text-align: right;\"><b><i>\u00ab Elle <\/i><\/b><b><i>est rentr\u00e9e. Elle m\u2019a parl\u00e9. Elle m\u2019a dit quelque chose qui m\u2019a vraiment <\/i><\/b><b><i>touch\u00e9e : <\/i><\/b><b><i>il arrive que les personnes qui sont \u00e2g\u00e9es de 70 ans et plus, quand elles re\u00e7oivent une nouvelle comme celle-l\u00e0, elles ne veulent plus rien faire et c\u2019est regrettable parce que la vie continue. \u00c7a m\u2019est rest\u00e9 dans la t\u00eate. Lorsqu\u2019on me disait\u00a0: il faut faire ceci, il faut faire cela, je le faisais. C\u2019est \u00e0 peu pr\u00e8s comme mon entra\u00eenement de conditionnement physique (elle s\u2019entra\u00eene deux heures par jour). Tranquillement, je <\/i><\/b><b><i>sentais : <\/i><\/b><b><i>\u00e7a va mieux<\/i><\/b><b><i>. \u00bb<\/i><\/b><\/p>\n<p>Marie-Claude, une sp\u00e9cialiste en orientation et mobilit\u00e9 de l\u2019Institut Nazareth et Louis-Braille, l\u2019a amen\u00e9e marcher. Elle lui a dit qu\u2019elle devrait d\u00e9sormais utiliser une canne pour pouvoir se d\u00e9placer en s\u00e9curit\u00e9. \u00ab La canne, je n\u2019en voulais pas. Je me disais\u00a0: je vais avoir l\u2019air d\u2019une vieille femme avec \u00e7a. \u00bb<\/p>\n<p>Pierrette S\u00e9guin s\u2019est toutefois rendue \u00e0 l\u2019\u00e9vidence\u00a0: \u00ab Marie-Claude avait raison\u00a0: je me sens en s\u00e9curit\u00e9. \u00bb<\/p>\n<p>Avec son intervenante, elle est all\u00e9e partout : Montr\u00e9al, Laval, \u00cele Notre-Dame, \u00cele Sainte-H\u00e9l\u00e8ne. Des d\u00e9placements que la dame est capable de faire seule d\u00e9sormais.<\/p>\n<p style=\"text-align: right;\"><b><i>\u00ab On <\/i><\/b><b><i>dirait que je n\u2019ai rien perdu de mon autonomie, rel\u00e8ve Mme S\u00e9guin. C\u2019est plus lent, <\/i><\/b><b><i>\u00e7a <\/i><\/b><b><i>prend plus d\u2019attention,<br \/>\nmais la vie continue. La vie est belle<\/i><\/b><b><i>! \u00bb, <\/i><\/b><b><i>dit-elle. <\/i><\/b><\/p>\n<p>Pierrette S\u00e9guin l\u2019avoue\u00a0: pour continuer \u00e0 rester active en d\u00e9pit de sa d\u00e9ficience visuelle, elle a d\u00fb travailler fort. Elle s\u2019est beaucoup exerc\u00e9e pour pouvoir se d\u00e9placer ais\u00e9ment avec une canne. Pour garder la forme, elle a transform\u00e9 son salon en gym.<\/p>\n<p>Et pour rester la cuisini\u00e8re hors pair qu\u2019elle a toujours \u00e9t\u00e9, elle a pris le temps de marquer en grosses lettres chaque ingr\u00e9dient de son garde-manger comme le lui avait conseill\u00e9 Marie-Line.<\/p>\n<p style=\"text-align: right;\"><b><i>\u00ab J\u2019ai <\/i><\/b><b><i>d\u00e9j\u00e0 fait un p\u00e2t\u00e9 chinois <\/i><\/b><b><i>avec <\/i><\/b><b><i>des palourdes et ce <\/i><\/b><b><i><br \/>\nn\u2019\u00e9tait <\/i><\/b><b><i>pas tr\u00e8s bon. <\/i><\/b><b><i>Tout <\/i><\/b><b><i>ce qu\u2019on <\/i><\/b><b><i><br \/>\nme <\/i><\/b><b><i>disait de faire, <\/i><\/b><b><i>je <\/i><\/b><b><i>le mettais en pratique<\/i><\/b><b><i>. \u00bb <\/i><\/b><b><i>Patiemment. <\/i><\/b><\/p>\n<p>Elle peut m\u00eame se maquiller gr\u00e2ce aux conseils avis\u00e9s de son intervenante. \u00ab Elle m\u2019a amen\u00e9 un miroir double et elle m\u2019a dit\u00a0: vos mains, ce sont vos yeux. Il faut vraiment avoir de la patience! \u00bb<\/p>\n<p>Mais \u00e7a en vaut la peine! Mme S\u00e9guin cuisine de bons petits plats pour recevoir sa famille. Elle prend part \u00e0 des marches destin\u00e9es aux personnes aveugles. Elle fait ses courses seule avec sa loupe et ses lunettes, quelques ingr\u00e9dients \u00e0 la fois, m\u00eame si c\u2019est long et difficile. Elle a donn\u00e9 son nom pour faire du b\u00e9n\u00e9volat aupr\u00e8s des personnes \u00e2g\u00e9es.<\/p>\n<p><strong>Un soutien incroyable!<br \/>\n<\/strong>Pierrette S\u00e9guin a toujours \u00e9t\u00e9 tr\u00e8s autonome. Elle n\u2019a jamais demand\u00e9 d\u2019aide \u00e0 personne, consciente que ses enfants et ses petits-enfants ont une vie tr\u00e8s remplie.<\/p>\n<p style=\"text-align: right;\"><b><i>\u00ab Quand <\/i><\/b><b><i>les intervenantes de l\u2019INLB sont venues et qu\u2019elles m\u2019ont aid\u00e9e pour mes yeux, c\u2019\u00e9tait comme si mes petites-filles venaient \u00e0 la maison pour prendre soin de moi. Je les aime assez, vous ne pouvez pas savoir comment! Elles \u00e9taient gentilles avec moi, pleines d\u2019amour, de compr\u00e9hension<\/i><\/b><b><i>. <\/i><\/b><b><i>Je n\u2019avais pas besoin de dire quoi que ce soit, c\u2019est comme <\/i><\/b><b><i>si <\/i><\/b><b><i>elles savaient de quoi j\u2019avais besoin.<br \/>\nElles m\u2019ont aid\u00e9e pour ma s\u00e9curit\u00e9. Elles m\u2019ont donn\u00e9 toutes sortes de trucs. <\/i><\/b><b><i><br \/>\nSi <\/i><\/b><b><i>on les met en pratique, le bonheur revient dans la maison \u00bb, dit-elle.<\/i><\/b><\/p>\n<p style=\"text-align: left;\"><strong>Faire \u00e9quipe avec les usagers et leur projet de vie<br \/>\n<\/strong>Marie-Claude Poulin-Parent, une des intervenantes, traduit bien le v\u00e9ritable partenariat entre l\u2019\u00e9quipe qui a offert les services et madame S\u00e9guin, lorsqu\u2019elle mentionne : \u00ab On focalisait sur ce qui motivait madame S\u00e9guin \u00e0 faire les choses autrement, ce qui \u00e9tait important pour elle d\u2019accomplir dans son quotidien. On l\u2019encourageait \u00e0 faire des essais, afin d\u2019optimiser ce qui pouvait contribuer \u00e0 son autonomie, on se mettait \u00e0 r\u00eaver avec elle. \u00bb<\/p>\n<p style=\"text-align: right;\"><b><i>\u00ab L\u2019\u00e9quipe <\/i><\/b><b><i>interdisciplinaire <\/i><\/b><b><i>fonctionnait <\/i><\/b><b><i>au quart de tour,<br \/>\nnos <\/i><\/b><b><i>discussions <\/i><\/b><b><i>entre intervenants permettaient de trouver le<br \/>\nmeilleur chemin pour l\u2019aider \u00e0 atteindre ses objectifs.<br \/>\nOn a appris au niveau professionnel par ce partage<\/i><\/b><b><i>. \u00bb<\/i><\/b><\/p>\n<p>Les intervenants de madame S\u00e9guin ont v\u00e9ritablement mis en place des services \u00e0 valeur ajout\u00e9e pour cette derni\u00e8re, ce qui implique \u00ab de se mettre \u00e0 la place de nos usagers pour r\u00e9pondre \u00e0 leurs besoins avec notre savoir-\u00eatre, nos comp\u00e9tences et nos ressources (\u2026) solliciter la participation des usagers en les informant, les \u00e9coutant, les consultant et les engageant pour favoriser leur autonomisation. \u00bb (1) (2)<\/p>\n<p>De plus, les intervenants agissent en tant que partenaires (de leurs usagers) dans la mesure o\u00f9 ils sont garants du respect du projet de vie, des attentes ou objectifs formul\u00e9s au pr\u00e9alable par l\u2019usager \u00e0 l\u2019un ou l\u2019autre d\u2019entre eux. Ils s\u2019engagent \u00e0 transmettre \u00e0 l\u2019usager, la conclusion de leurs \u00e9changes et \u00e0 convenir avec lui des orientations \u00e0 prendre.(3)<\/p>\n<p><a href=\"https:\/\/santemc.quebec\/santemc\/icentre\/wp-content\/uploads\/2019\/11\/RubriqueNo4_v4.pdf\" target=\"_blank\" rel=\"noopener noreferrer\">Version PDF du bulletin<\/a><\/p>\n<p>(1) Marquis, Jean-Guillaume, Faire \u00e9quipe avec les usagers pour des soins et services \u00e0 valeur ajout\u00e9e, CHUS, Webinaire CVPAC, 20 septembre 2018<\/p>\n<p>(2) Autonomisation : processus par lequel une personne (\u2026) acquiert la ma\u00eetrise des moyens qui lui permettent de se conscientiser, de renforcer son potentiel et de se transformer dans une perspective de d\u00e9veloppement, d\u2019am\u00e9lioration de ses conditions de vie et de son environnement., Office de la langue fran\u00e7aise, fiche terminologique<\/p>\n<p>(3) Guide d\u2019implantation du partenariat de soins et de services, RUIS Universit\u00e9 de Montr\u00e9al, f\u00e9vrier 2014<\/p>\n<p>&nbsp;<\/p>\n","protected":false},"excerpt":{"rendered":"<p>Les patients ont beaucoup \u00e0 nous apprendre. En donnant la parole aux patients partenaires de leurs soins, cette rubrique veut faire conna\u00eetre des histoires inspirantes et des gestes qui font la diff\u00e9rence dans la vie des personnes qui affrontent la &hellip; <a href=\"https:\/\/santemc.quebec\/icentre\/echo-de-nos-patients-temoignage-dune-combattante-contre-le-cancer-copy-copy-copy\/\">Continuer la lecture <span class=\"meta-nav\">&rarr;<\/span><\/a><\/p>\n","protected":false},"author":9,"featured_media":0,"comment_status":"open","ping_status":"closed","sticky":false,"template":"","format":"standard","meta":{"footnotes":""},"categories":[1],"tags":[100],"_links":{"self":[{"href":"https:\/\/santemc.quebec\/icentre\/wp-json\/wp\/v2\/posts\/165029"}],"collection":[{"href":"https:\/\/santemc.quebec\/icentre\/wp-json\/wp\/v2\/posts"}],"about":[{"href":"https:\/\/santemc.quebec\/icentre\/wp-json\/wp\/v2\/types\/post"}],"author":[{"embeddable":true,"href":"https:\/\/santemc.quebec\/icentre\/wp-json\/wp\/v2\/users\/9"}],"replies":[{"embeddable":true,"href":"https:\/\/santemc.quebec\/icentre\/wp-json\/wp\/v2\/comments?post=165029"}],"version-history":[{"count":6,"href":"https:\/\/santemc.quebec\/icentre\/wp-json\/wp\/v2\/posts\/165029\/revisions"}],"predecessor-version":[{"id":165075,"href":"https:\/\/santemc.quebec\/icentre\/wp-json\/wp\/v2\/posts\/165029\/revisions\/165075"}],"wp:attachment":[{"href":"https:\/\/santemc.quebec\/icentre\/wp-json\/wp\/v2\/media?parent=165029"}],"wp:term":[{"taxonomy":"category","embeddable":true,"href":"https:\/\/santemc.quebec\/icentre\/wp-json\/wp\/v2\/categories?post=165029"},{"taxonomy":"post_tag","embeddable":true,"href":"https:\/\/santemc.quebec\/icentre\/wp-json\/wp\/v2\/tags?post=165029"}],"curies":[{"name":"wp","href":"https:\/\/api.w.org\/{rel}","templated":true}]}}