{"id":1656,"date":"2016-02-15T14:47:16","date_gmt":"2016-02-15T19:47:16","guid":{"rendered":"http:\/\/santemc.quebec\/icentre\/?p=1656"},"modified":"2016-04-04T15:33:03","modified_gmt":"2016-04-04T19:33:03","slug":"premiere-relocalisation-dequipes-de-travail","status":"publish","type":"post","link":"https:\/\/santemc.quebec\/icentre\/premiere-relocalisation-dequipes-de-travail\/","title":{"rendered":"Premi\u00e8re relocalisation d\u2019\u00e9quipes de travail"},"content":{"rendered":"<p>Bonjour,<\/p>\n<p>La mise en place de notre CISSS se concr\u00e9tise notamment par le regroupement de certaines \u00e9quipes de travail. Cette r\u00e9alit\u00e9 nous am\u00e8ne \u00e0 revoir l\u2019utilisation de quelques installations afin d\u2019assurer la meilleure utilisation possible de l\u2019espace \u00e0 notre disposition. Lorsqu\u2019une \u00e9quipe est d\u00e9plac\u00e9e ou regroup\u00e9e, il se peut que ce mouvement ait pour effet de provoquer le r\u00e9am\u00e9nagement d\u2019un autre secteur et ainsi de suite.<!--more--><\/p>\n<p>Les informations qui suivent sont les premi\u00e8res \u00e9tapes d\u2019un projet plus vaste dont nous vous tiendrons inform\u00e9s au cours de prochaines semaines :<\/p>\n<p><strong>\u00c9quipe budget de la Direction des ressources financi\u00e8res<\/strong><br \/>\nLe personnel rattach\u00e9 \u00e0 \u00ab l\u2019\u00e9quipe budget \u00bb (exclusivement) de la Direction des ressources financi\u00e8res, sera relocalis\u00e9 au 1255 Beauregard \u00e0 Longueuil. Dans un premier temps, au rez-de-chauss\u00e9e de l\u2019immeuble, et de fa\u00e7on d\u00e9finitive, vers la mi-avril, au 2e \u00e9tage.<\/p>\n<p>Ainsi, les membres de \u00ab l\u2019\u00e9quipe budget \u00bb actuellement localis\u00e9s au 700 Martel \u00e0 Richelieu seront d\u00e9m\u00e9nag\u00e9s le vendredi 12 f\u00e9vrier 2016 alors que ceux du 2727 Taschereau \u00e0 Longueuil et de l\u2019Institut Nazareth et Louis-Braille, le mardi 16 f\u00e9vrier.<\/p>\n<p><strong>La Direction de sant\u00e9 publique<\/strong><br \/>\nLa Direction de sant\u00e9 publique, actuellement r\u00e9partie sur plusieurs \u00e9tages au 1255 Beauregard sera toute regroup\u00e9e au 3e \u00e9tage de l\u2019immeuble. Ainsi, le volet \u00abAffaires universitaires\u00bb initiera la cascade au d\u00e9but d\u2019avril; les volets \u00abMaladies transmissibles\u00bb et \u00abSant\u00e9 au travail\u00bb devraient suivre en mai.<\/p>\n<p><strong>Technocentre (TCR) et Ressources informationnelles (RI)<\/strong><br \/>\nD\u00e8s le printemps, il est pr\u00e9vu qu\u2019une bonne partie des \u00e9quipes du Technocentre et des ressources informationnelles soient regroup\u00e9es au 2e \u00e9tage du site Beauregard \u00e0 Longueuil.<\/p>\n<p><strong>\u00c9quipe finances (DRF)<\/strong><br \/>\nL\u2019\u00e9quipe des finances sera relocalis\u00e9e au rez-de-chauss\u00e9e du 1255 Beauregard. Le personnel occupera l\u2019espace actuellement utilis\u00e9 par le secteur des \u00abMaladies transmissibles (MT)\u00bb de la Direction de sant\u00e9 publique. Ce mouvement est pr\u00e9vu apr\u00e8s le d\u00e9placement de ces derniers et la fermeture de l\u2019ann\u00e9e financi\u00e8re, en juin 2016.<\/p>\n<p>Au fur et \u00e0 mesure des relocalisations, les coordonn\u00e9es t\u00e9l\u00e9phoniques des personnes touch\u00e9es par ces d\u00e9placements seront transmises dans les meilleurs d\u00e9lais. D\u2019ici l\u00e0, d\u00e8s que les personnes sont relocalis\u00e9es, vous pouvez communiquer avec la r\u00e9ception du 1255 Beauregard au 450 928-6777.<\/p>\n<p>\u00c0 compter de maintenant, nous vous rappelons que nous vous vous tiendrons inform\u00e9 r\u00e9guli\u00e8rement de l\u2019\u00e9tat d\u2019avancement de ce projet.<\/p>\n<p>Nous vous remercions de votre collaboration.<\/p>\n<p>&nbsp;<\/p>\n<p>Lise Pouliot,<br \/>\nPr\u00e9sidente directrice g\u00e9n\u00e9rale adjointe<\/p>\n<p>&nbsp;<\/p>\n<p>&nbsp;<\/p>\n","protected":false},"excerpt":{"rendered":"<p>Bonjour, La mise en place de notre CISSS se concr\u00e9tise notamment par le regroupement de certaines \u00e9quipes de travail. Cette r\u00e9alit\u00e9 nous am\u00e8ne \u00e0 revoir l\u2019utilisation de quelques installations afin d\u2019assurer la meilleure utilisation possible de l\u2019espace \u00e0 notre disposition. &hellip; <a href=\"https:\/\/santemc.quebec\/icentre\/premiere-relocalisation-dequipes-de-travail\/\">Continuer la lecture <span class=\"meta-nav\">&rarr;<\/span><\/a><\/p>\n","protected":false},"author":1,"featured_media":0,"comment_status":"open","ping_status":"closed","sticky":false,"template":"","format":"standard","meta":{"footnotes":""},"categories":[1],"tags":[54,52],"_links":{"self":[{"href":"https:\/\/santemc.quebec\/icentre\/wp-json\/wp\/v2\/posts\/1656"}],"collection":[{"href":"https:\/\/santemc.quebec\/icentre\/wp-json\/wp\/v2\/posts"}],"about":[{"href":"https:\/\/santemc.quebec\/icentre\/wp-json\/wp\/v2\/types\/post"}],"author":[{"embeddable":true,"href":"https:\/\/santemc.quebec\/icentre\/wp-json\/wp\/v2\/users\/1"}],"replies":[{"embeddable":true,"href":"https:\/\/santemc.quebec\/icentre\/wp-json\/wp\/v2\/comments?post=1656"}],"version-history":[{"count":4,"href":"https:\/\/santemc.quebec\/icentre\/wp-json\/wp\/v2\/posts\/1656\/revisions"}],"predecessor-version":[{"id":1660,"href":"https:\/\/santemc.quebec\/icentre\/wp-json\/wp\/v2\/posts\/1656\/revisions\/1660"}],"wp:attachment":[{"href":"https:\/\/santemc.quebec\/icentre\/wp-json\/wp\/v2\/media?parent=1656"}],"wp:term":[{"taxonomy":"category","embeddable":true,"href":"https:\/\/santemc.quebec\/icentre\/wp-json\/wp\/v2\/categories?post=1656"},{"taxonomy":"post_tag","embeddable":true,"href":"https:\/\/santemc.quebec\/icentre\/wp-json\/wp\/v2\/tags?post=1656"}],"curies":[{"name":"wp","href":"https:\/\/api.w.org\/{rel}","templated":true}]}}