{"id":165974,"date":"2019-11-12T14:19:18","date_gmt":"2019-11-12T19:19:18","guid":{"rendered":"http:\/\/santemc.quebec\/icentre\/?p=165974"},"modified":"2019-11-12T14:19:18","modified_gmt":"2019-11-12T19:19:18","slug":"une-formation-enrichissante-pour-les-pharmaciens-communautaires","status":"publish","type":"post","link":"https:\/\/santemc.quebec\/icentre\/une-formation-enrichissante-pour-les-pharmaciens-communautaires\/","title":{"rendered":"Une formation enrichissante pour les pharmaciens communautaires!"},"content":{"rendered":"<p><a href=\"https:\/\/santemc.quebec\/santemc\/icentre\/wp-content\/uploads\/2019\/11\/thumbnail_IMG_6634.jpg\"><img decoding=\"async\" loading=\"lazy\" class=\"size-medium wp-image-165976 alignleft\" src=\"https:\/\/santemc.quebec\/santemc\/icentre\/wp-content\/uploads\/2019\/11\/thumbnail_IMG_6634-300x159.jpg\" alt=\"\" width=\"300\" height=\"159\" srcset=\"https:\/\/santemc.quebec\/santemc\/icentre\/wp-content\/uploads\/2019\/11\/thumbnail_IMG_6634-300x159.jpg 300w, https:\/\/santemc.quebec\/santemc\/icentre\/wp-content\/uploads\/2019\/11\/thumbnail_IMG_6634-768x406.jpg 768w, https:\/\/santemc.quebec\/santemc\/icentre\/wp-content\/uploads\/2019\/11\/thumbnail_IMG_6634-1024x542.jpg 1024w, https:\/\/santemc.quebec\/santemc\/icentre\/wp-content\/uploads\/2019\/11\/thumbnail_IMG_6634-500x264.jpg 500w, https:\/\/santemc.quebec\/santemc\/icentre\/wp-content\/uploads\/2019\/11\/thumbnail_IMG_6634.jpg 1280w\" sizes=\"(max-width: 300px) 100vw, 300px\" \/><\/a>Pour une quatri\u00e8me ann\u00e9e cons\u00e9cutive, le d\u00e9partement de pharmacie du CISSS organisait, le 8 novembre dernier, la d\u00e9sormais annuelle demi-journ\u00e9e de formation continue en pharmacoth\u00e9rapie.<\/p>\n<p><!--more--><\/p>\n<p>Cette activit\u00e9, qui r\u00e9unit pr\u00e8s de 70 pharmaciens communautaires du territoire, permet aux participants de mettre \u00e0 jour leurs connaissances sur des sujets divers en pharmacoth\u00e9rapie. Cette ann\u00e9e, la programmation incluait des conf\u00e9rences sur la d\u00e9mence, sur les anti-inflammatoires ophtalmiques ainsi que sur la d\u00e9prescription.<\/p>\n<p>F\u00e9licitations au comit\u00e9 organisateur de cette belle r\u00e9ussite\u00a0: Annick Dufour, chef-adjointe aux soins pharmaceutiques; \u00c9tienne Beauchemin, pharmacien \u00e0 l\u2019H\u00f4pital du Haut-Richelieu; Caroline Brais, pharmacienne \u00e0 l\u2019H\u00f4pital du Haut-Richelieu\u00a0et Mireille Brisson, pharmacienne \u00e0 l\u2019H\u00f4pital Charles-Le Moyne.<\/p>\n","protected":false},"excerpt":{"rendered":"<p>Pour une quatri\u00e8me ann\u00e9e cons\u00e9cutive, le d\u00e9partement de pharmacie du CISSS organisait, le 8 novembre dernier, la d\u00e9sormais annuelle demi-journ\u00e9e de formation continue en pharmacoth\u00e9rapie.<\/p>\n","protected":false},"author":9,"featured_media":0,"comment_status":"open","ping_status":"closed","sticky":false,"template":"","format":"standard","meta":{"footnotes":""},"categories":[1],"tags":[],"_links":{"self":[{"href":"https:\/\/santemc.quebec\/icentre\/wp-json\/wp\/v2\/posts\/165974"}],"collection":[{"href":"https:\/\/santemc.quebec\/icentre\/wp-json\/wp\/v2\/posts"}],"about":[{"href":"https:\/\/santemc.quebec\/icentre\/wp-json\/wp\/v2\/types\/post"}],"author":[{"embeddable":true,"href":"https:\/\/santemc.quebec\/icentre\/wp-json\/wp\/v2\/users\/9"}],"replies":[{"embeddable":true,"href":"https:\/\/santemc.quebec\/icentre\/wp-json\/wp\/v2\/comments?post=165974"}],"version-history":[{"count":1,"href":"https:\/\/santemc.quebec\/icentre\/wp-json\/wp\/v2\/posts\/165974\/revisions"}],"predecessor-version":[{"id":165977,"href":"https:\/\/santemc.quebec\/icentre\/wp-json\/wp\/v2\/posts\/165974\/revisions\/165977"}],"wp:attachment":[{"href":"https:\/\/santemc.quebec\/icentre\/wp-json\/wp\/v2\/media?parent=165974"}],"wp:term":[{"taxonomy":"category","embeddable":true,"href":"https:\/\/santemc.quebec\/icentre\/wp-json\/wp\/v2\/categories?post=165974"},{"taxonomy":"post_tag","embeddable":true,"href":"https:\/\/santemc.quebec\/icentre\/wp-json\/wp\/v2\/tags?post=165974"}],"curies":[{"name":"wp","href":"https:\/\/api.w.org\/{rel}","templated":true}]}}