{"id":166015,"date":"2019-11-12T15:11:30","date_gmt":"2019-11-12T20:11:30","guid":{"rendered":"http:\/\/santemc.quebec\/icentre\/?p=166015"},"modified":"2019-11-12T15:13:06","modified_gmt":"2019-11-12T20:13:06","slug":"celebrons-lenergie-du-loisir-du-10-au-16-novembre-2019","status":"publish","type":"post","link":"https:\/\/santemc.quebec\/icentre\/celebrons-lenergie-du-loisir-du-10-au-16-novembre-2019\/","title":{"rendered":"\u00ab C\u00e9l\u00e9brons l\u2019\u00e9nergie du loisir \u00bb du 10 au 16 novembre 2019!"},"content":{"rendered":"<p><a href=\"https:\/\/santemc.quebec\/santemc\/icentre\/wp-content\/uploads\/2019\/11\/semaine_loisir.png\"><img decoding=\"async\" loading=\"lazy\" class=\"size-medium wp-image-166016 alignleft\" src=\"https:\/\/santemc.quebec\/santemc\/icentre\/wp-content\/uploads\/2019\/11\/semaine_loisir-198x300.png\" alt=\"\" width=\"198\" height=\"300\" srcset=\"https:\/\/santemc.quebec\/santemc\/icentre\/wp-content\/uploads\/2019\/11\/semaine_loisir-198x300.png 198w, https:\/\/santemc.quebec\/santemc\/icentre\/wp-content\/uploads\/2019\/11\/semaine_loisir.png 361w\" sizes=\"(max-width: 198px) 100vw, 198px\" \/><\/a>Cette semaine, l\u2019objectif est de sensibiliser, d\u2019informer et d\u2019\u00e9duquer la population sur l\u2019apport essentiel du loisir dans la qualit\u00e9 de vie des personnes h\u00e9berg\u00e9es dans le r\u00e9seau de la sant\u00e9 au Qu\u00e9bec. Il s\u2019agit d\u2019une occasion pour souligner tout ce que les intervenants en loisirs, b\u00e9n\u00e9voles, membres des familles font d\u2019extraordinaire pour ce qui est de l\u2019animation et des loisirs.<\/p>\n<p><!--more--><\/p>\n<p>Au sein du CISSS de la Mont\u00e9r\u00e9gie-Centre, ce sont 8 techniciens en loisirs et de nombreux b\u00e9n\u00e9voles qui \u0153uvrent activement aupr\u00e8s des r\u00e9sidents de nos centres d\u2019h\u00e9bergement. Ils ont d\u00e9velopp\u00e9 plusieurs programmes, comme \u00ab R\u00eave d\u2019un r\u00e9sident \u00bb o\u00f9 trois r\u00e9sidents ont la chance de r\u00e9aliser un r\u00eave dans chaque installation sur une base annuelle. (Pour en savoir plus, consulter l\u2019<a href=\"https:\/\/santemc.quebec\/santemc\/icentre\/wp-content\/uploads\/2018\/06\/MC_no3_versionWeb.pdf#page=4\" target=\"_blank\" rel=\"noopener noreferrer\"><strong>article <\/strong><\/a>\u00a0sur le sujet.<\/p>\n<p>Les techniciens en loisirs d\u00e9ploient une panoplie d\u2019activit\u00e9s pour les r\u00e9sidents comme :<\/p>\n<ul>\n<li>des caf\u00e9s jasette qui encouragent les \u00e9changes sociaux entre les r\u00e9sidents;<\/li>\n<li>des activit\u00e9s de musicoth\u00e9rapie et de zooth\u00e9rapie qui offrent des moments de d\u00e9tente uniques;<\/li>\n<li>des f\u00eates et des \u00e9v\u00e9nements th\u00e9matiques (anniversaires, No\u00ebl, BBQ, etc.);<\/li>\n<li>des activit\u00e9s plus classiques sont aussi au rendez-vous, comme le bingo, les jeux de poches, les jeux de m\u00e9moire et de soci\u00e9t\u00e9.<\/li>\n<\/ul>\n<p>Certaines activit\u00e9s individuelles et personnalis\u00e9es peuvent \u00e9galement \u00eatre offertes pour des client\u00e8les qui pr\u00e9sentent des troubles cognitifs ou des difficult\u00e9s d\u2019adaptation par exemple.<\/p>\n","protected":false},"excerpt":{"rendered":"<p>Cette semaine, l\u2019objectif est de sensibiliser, d\u2019informer et d\u2019\u00e9duquer la population sur l\u2019apport essentiel du loisir dans la qualit\u00e9 de vie des personnes h\u00e9berg\u00e9es dans le r\u00e9seau de la sant\u00e9 au Qu\u00e9bec. Il s\u2019agit d\u2019une occasion pour souligner tout ce &hellip; <a href=\"https:\/\/santemc.quebec\/icentre\/celebrons-lenergie-du-loisir-du-10-au-16-novembre-2019\/\">Continuer la lecture <span class=\"meta-nav\">&rarr;<\/span><\/a><\/p>\n","protected":false},"author":9,"featured_media":0,"comment_status":"open","ping_status":"closed","sticky":false,"template":"","format":"standard","meta":{"footnotes":""},"categories":[1],"tags":[],"_links":{"self":[{"href":"https:\/\/santemc.quebec\/icentre\/wp-json\/wp\/v2\/posts\/166015"}],"collection":[{"href":"https:\/\/santemc.quebec\/icentre\/wp-json\/wp\/v2\/posts"}],"about":[{"href":"https:\/\/santemc.quebec\/icentre\/wp-json\/wp\/v2\/types\/post"}],"author":[{"embeddable":true,"href":"https:\/\/santemc.quebec\/icentre\/wp-json\/wp\/v2\/users\/9"}],"replies":[{"embeddable":true,"href":"https:\/\/santemc.quebec\/icentre\/wp-json\/wp\/v2\/comments?post=166015"}],"version-history":[{"count":2,"href":"https:\/\/santemc.quebec\/icentre\/wp-json\/wp\/v2\/posts\/166015\/revisions"}],"predecessor-version":[{"id":166018,"href":"https:\/\/santemc.quebec\/icentre\/wp-json\/wp\/v2\/posts\/166015\/revisions\/166018"}],"wp:attachment":[{"href":"https:\/\/santemc.quebec\/icentre\/wp-json\/wp\/v2\/media?parent=166015"}],"wp:term":[{"taxonomy":"category","embeddable":true,"href":"https:\/\/santemc.quebec\/icentre\/wp-json\/wp\/v2\/categories?post=166015"},{"taxonomy":"post_tag","embeddable":true,"href":"https:\/\/santemc.quebec\/icentre\/wp-json\/wp\/v2\/tags?post=166015"}],"curies":[{"name":"wp","href":"https:\/\/api.w.org\/{rel}","templated":true}]}}