{"id":1661,"date":"2016-02-15T14:49:20","date_gmt":"2016-02-15T19:49:20","guid":{"rendered":"http:\/\/santemc.quebec\/icentre\/?p=1661"},"modified":"2016-04-04T15:33:27","modified_gmt":"2016-04-04T19:33:27","slug":"localisation-du-service-regional-de-la-paie-en-monteregie","status":"publish","type":"post","link":"https:\/\/santemc.quebec\/icentre\/localisation-du-service-regional-de-la-paie-en-monteregie\/","title":{"rendered":"Localisation du service r\u00e9gional de la paie en Mont\u00e9r\u00e9gie"},"content":{"rendered":"<p>Bonjour,<\/p>\n<p>La pr\u00e9sente a pour objet de vous informer, qu\u2019apr\u00e8s une analyse rigoureuse, le CISSS de la Mont\u00e9r\u00e9gie-Centre a choisi d\u2019installer le service r\u00e9gional de la paie en Mont\u00e9r\u00e9gie au 1255 Beauregard \u00e0 Longueuil.<!--more--><\/p>\n<p>Le choix de ce site a d\u2019ailleurs \u00e9t\u00e9 ent\u00e9rin\u00e9 par tous les Pr\u00e9sidents-directeurs g\u00e9n\u00e9raux des trois CISSS de la Mont\u00e9r\u00e9gie ainsi que par le comit\u00e9 directeur r\u00e9gional du projet.<br \/>\nLes raisons qui militent en faveur de ce choix sont nombreuses. En effet, il offre la meilleure proximit\u00e9 de localisation pour le personnel cibl\u00e9 puisque 75 % d\u2019entre eux travaillent \u00e0 moins de 40 km de l\u2019immeuble et que plus de 50 % travaillent m\u00eame \u00e0 moins de 20 km de cette installation. En outre, cette installation est bien desservie par le transport en commun urbain ce qui en facilite l\u2019acc\u00e8s. Cet emplacement, qui appartient d\u00e9j\u00e0 au CISSS de la Mont\u00e9r\u00e9gie-Centre, n\u2019entra\u00eene pas de relocalisation d\u2019autres services \u00e9tant donn\u00e9 que les espaces qui seront utilis\u00e9s sont actuellement vacants.<\/p>\n<p>En termes d\u2019am\u00e9nagement des locaux, la disponibilit\u00e9 des espaces est ad\u00e9quate et les travaux d\u2019am\u00e9nagement requis ne sont pas majeurs. De plus, les infrastructures informatiques sont robustes et disponibles puisque cet immeuble dispose des \u00e9quipements informatiques permettant de soutenir tout le service r\u00e9gional de la paie.<br \/>\nLa d\u00e9cision de cet emplacement est essentielle \u00e0 la poursuite des travaux visant la r\u00e9gionalisation de la paie, qui doit s\u2019amorcer \u00e0 compter du 1er avril prochain.<\/p>\n<p>Enfin, d\u00e8s cette semaine, des rencontres d\u2019information et d\u2019\u00e9change sont pr\u00e9vues avec l\u2019ensemble des membres du personnel de tous les services de paie des CISSS de la Mont\u00e9r\u00e9gie et de leurs repr\u00e9sentants syndicaux.<\/p>\n<p>Nous vous remercions de votre attention et de votre collaboration<\/p>\n<p>&nbsp;<\/p>\n<p>Richard Deschamps,<br \/>\nPr\u00e9sident-directeur g\u00e9n\u00e9ral du CISSS de la Mont\u00e9r\u00e9gie-Centre<\/p>\n","protected":false},"excerpt":{"rendered":"<p>Bonjour, La pr\u00e9sente a pour objet de vous informer, qu\u2019apr\u00e8s une analyse rigoureuse, le CISSS de la Mont\u00e9r\u00e9gie-Centre a choisi d\u2019installer le service r\u00e9gional de la paie en Mont\u00e9r\u00e9gie au 1255 Beauregard \u00e0 Longueuil.<\/p>\n","protected":false},"author":1,"featured_media":0,"comment_status":"open","ping_status":"closed","sticky":false,"template":"","format":"standard","meta":{"footnotes":""},"categories":[1],"tags":[54],"_links":{"self":[{"href":"https:\/\/santemc.quebec\/icentre\/wp-json\/wp\/v2\/posts\/1661"}],"collection":[{"href":"https:\/\/santemc.quebec\/icentre\/wp-json\/wp\/v2\/posts"}],"about":[{"href":"https:\/\/santemc.quebec\/icentre\/wp-json\/wp\/v2\/types\/post"}],"author":[{"embeddable":true,"href":"https:\/\/santemc.quebec\/icentre\/wp-json\/wp\/v2\/users\/1"}],"replies":[{"embeddable":true,"href":"https:\/\/santemc.quebec\/icentre\/wp-json\/wp\/v2\/comments?post=1661"}],"version-history":[{"count":2,"href":"https:\/\/santemc.quebec\/icentre\/wp-json\/wp\/v2\/posts\/1661\/revisions"}],"predecessor-version":[{"id":1673,"href":"https:\/\/santemc.quebec\/icentre\/wp-json\/wp\/v2\/posts\/1661\/revisions\/1673"}],"wp:attachment":[{"href":"https:\/\/santemc.quebec\/icentre\/wp-json\/wp\/v2\/media?parent=1661"}],"wp:term":[{"taxonomy":"category","embeddable":true,"href":"https:\/\/santemc.quebec\/icentre\/wp-json\/wp\/v2\/categories?post=1661"},{"taxonomy":"post_tag","embeddable":true,"href":"https:\/\/santemc.quebec\/icentre\/wp-json\/wp\/v2\/tags?post=1661"}],"curies":[{"name":"wp","href":"https:\/\/api.w.org\/{rel}","templated":true}]}}