{"id":166345,"date":"2019-11-14T09:00:52","date_gmt":"2019-11-14T14:00:52","guid":{"rendered":"http:\/\/santemc.quebec\/icentre\/?p=166345"},"modified":"2019-11-14T09:01:26","modified_gmt":"2019-11-14T14:01:26","slug":"campagne-entraide-mille-mercis","status":"publish","type":"post","link":"https:\/\/santemc.quebec\/icentre\/campagne-entraide-mille-mercis\/","title":{"rendered":"Campagne Entraide : mille mercis!"},"content":{"rendered":"<p><a href=\"https:\/\/santemc.quebec\/santemc\/icentre\/wp-content\/uploads\/2017\/10\/fleur.jpg\"><img decoding=\"async\" loading=\"lazy\" class=\"alignleft wp-image-5583\" src=\"https:\/\/santemc.quebec\/santemc\/icentre\/wp-content\/uploads\/2017\/10\/fleur-224x300.jpg\" alt=\"\" width=\"175\" height=\"235\" srcset=\"https:\/\/santemc.quebec\/santemc\/icentre\/wp-content\/uploads\/2017\/10\/fleur-224x300.jpg 224w, https:\/\/santemc.quebec\/santemc\/icentre\/wp-content\/uploads\/2017\/10\/fleur-768x1029.jpg 768w, https:\/\/santemc.quebec\/santemc\/icentre\/wp-content\/uploads\/2017\/10\/fleur-764x1024.jpg 764w, https:\/\/santemc.quebec\/santemc\/icentre\/wp-content\/uploads\/2017\/10\/fleur.jpg 935w\" sizes=\"(max-width: 175px) 100vw, 175px\" \/><\/a>C\u2019est un plaisir pour moi de vous annoncer que le total des dons r\u00e9colt\u00e9s dans le cadre de la campagne Entraide 2019 de notre organisation se chiffre \u00e0 5923 $. Vous avez r\u00e9pondu \u00e0 l\u2019appel de la g\u00e9n\u00e9rosit\u00e9 en grand nombre. Je vous en remercie sinc\u00e8rement.<\/p>\n<p><!--more--><\/p>\n<p>Vos dons auront le pouvoir de g\u00e9n\u00e9rer de grandes choses. Ils r\u00e9conforteront des personnes vuln\u00e9rables, les soutiendront dans des moments difficiles ou les aideront \u00e0 se sortir d\u2019une mauvaise situation.<\/p>\n<p>M\u00eame si la campagne Entraide de notre organisation est termin\u00e9e, sachez que vous pouvez faire un don par pr\u00e9l\u00e8vement bancaire unique ou p\u00e9riodique, en tout temps, en vous rendant \u00e0 l\u2019adresse <a href=\"http:\/\/www.entraide.gouv.qc.ca\/\" target=\"_blank\" rel=\"noopener noreferrer\">www.entraide.gouv.qc.ca\/<\/a>. Cliquez ensuite sur le bouton vert \u00e0 droite \u00ab\u00a0Don en ligne\u00a0\u00bb.<\/p>\n<p>Mille mercis!<\/p>\n<p>Denise B\u00e9dard, directrice des ressources financi\u00e8res<\/p>\n","protected":false},"excerpt":{"rendered":"<p>C\u2019est un plaisir pour moi de vous annoncer que le total des dons r\u00e9colt\u00e9s dans le cadre de la campagne Entraide 2019 de notre organisation se chiffre \u00e0 5923 $. Vous avez r\u00e9pondu \u00e0 l\u2019appel de la g\u00e9n\u00e9rosit\u00e9 en grand &hellip; <a href=\"https:\/\/santemc.quebec\/icentre\/campagne-entraide-mille-mercis\/\">Continuer la lecture <span class=\"meta-nav\">&rarr;<\/span><\/a><\/p>\n","protected":false},"author":9,"featured_media":0,"comment_status":"open","ping_status":"closed","sticky":false,"template":"","format":"standard","meta":{"footnotes":""},"categories":[1],"tags":[],"_links":{"self":[{"href":"https:\/\/santemc.quebec\/icentre\/wp-json\/wp\/v2\/posts\/166345"}],"collection":[{"href":"https:\/\/santemc.quebec\/icentre\/wp-json\/wp\/v2\/posts"}],"about":[{"href":"https:\/\/santemc.quebec\/icentre\/wp-json\/wp\/v2\/types\/post"}],"author":[{"embeddable":true,"href":"https:\/\/santemc.quebec\/icentre\/wp-json\/wp\/v2\/users\/9"}],"replies":[{"embeddable":true,"href":"https:\/\/santemc.quebec\/icentre\/wp-json\/wp\/v2\/comments?post=166345"}],"version-history":[{"count":3,"href":"https:\/\/santemc.quebec\/icentre\/wp-json\/wp\/v2\/posts\/166345\/revisions"}],"predecessor-version":[{"id":166579,"href":"https:\/\/santemc.quebec\/icentre\/wp-json\/wp\/v2\/posts\/166345\/revisions\/166579"}],"wp:attachment":[{"href":"https:\/\/santemc.quebec\/icentre\/wp-json\/wp\/v2\/media?parent=166345"}],"wp:term":[{"taxonomy":"category","embeddable":true,"href":"https:\/\/santemc.quebec\/icentre\/wp-json\/wp\/v2\/categories?post=166345"},{"taxonomy":"post_tag","embeddable":true,"href":"https:\/\/santemc.quebec\/icentre\/wp-json\/wp\/v2\/tags?post=166345"}],"curies":[{"name":"wp","href":"https:\/\/api.w.org\/{rel}","templated":true}]}}