{"id":166385,"date":"2019-11-13T15:30:01","date_gmt":"2019-11-13T20:30:01","guid":{"rendered":"http:\/\/santemc.quebec\/icentre\/?p=166385"},"modified":"2019-11-13T15:35:16","modified_gmt":"2019-11-13T20:35:16","slug":"modele-mcgill-bulletin-1-13-novembre-2019","status":"publish","type":"post","link":"https:\/\/santemc.quebec\/icentre\/modele-mcgill-bulletin-1-13-novembre-2019\/","title":{"rendered":"Mod\u00e8le McGill : bulletin 1, 13 novembre 2019"},"content":{"rendered":"<p><a href=\"https:\/\/santemc.quebec\/santemc\/icentre\/wp-content\/uploads\/2019\/11\/modele_McGill.png\"><img decoding=\"async\" loading=\"lazy\" class=\"size-medium wp-image-166386 alignleft\" src=\"https:\/\/santemc.quebec\/santemc\/icentre\/wp-content\/uploads\/2019\/11\/modele_McGill-300x102.png\" alt=\"\" width=\"300\" height=\"102\" srcset=\"https:\/\/santemc.quebec\/santemc\/icentre\/wp-content\/uploads\/2019\/11\/modele_McGill-300x102.png 300w, https:\/\/santemc.quebec\/santemc\/icentre\/wp-content\/uploads\/2019\/11\/modele_McGill-500x170.png 500w, https:\/\/santemc.quebec\/santemc\/icentre\/wp-content\/uploads\/2019\/11\/modele_McGill.png 628w\" sizes=\"(max-width: 300px) 100vw, 300px\" \/><\/a>D\u00e9ploiement de l&rsquo;approche McGill au CISSS de la Mont\u00e9r\u00e9gie-Centre<\/p>\n<p>&nbsp;<\/p>\n<p>&nbsp;<\/p>\n<p><!--more--><\/p>\n<p><strong>Des nouvelles de la d\u00e9marche<br \/>\n<\/strong><b>Certains secteurs <\/b><b>de la Direction <\/b><b>du programme jeunesse <\/b><b>et de la Direction de sant\u00e9 publique seront <\/b><b>bient\u00f4t certifi\u00e9s \u00ab\u00a0McGill\u00a0\u00bb!<\/b><i><br \/>\nLes secteurs UME, SPI et SIPPE termineront, en d\u00e9cembre, l\u2019ensemble des 6 activit\u00e9s de la formation McGill. <\/i><\/p>\n<p><b>Les unit\u00e9s d\u2019hospitalisation (sant\u00e9 physique) de l\u2019H\u00f4pital du Haut-Richelieu ont commenc\u00e9 leurs activit\u00e9s de formation.<br \/>\n<\/b><i>Les <\/i><i>chefs d\u2019unit\u00e9 ont d\u00e9j\u00e0 compl\u00e9t\u00e9 les cinq premiers ateliers et le d\u00e9ploiement aupr\u00e8s des \u00e9quipes est d\u00e9but\u00e9 depuis septembre dernier.<\/i><\/p>\n<p><strong>Les prochaines \u00e9tapes<\/strong><br \/>\n<b>Janvier 2020<\/b><\/p>\n<ul>\n<li><b>D\u00e9but du d\u00e9ploiement \u00e0 l\u2019H\u00f4pital Charles-Le <\/b><b>Moyne<\/b><b><br \/>\n<\/b>Les unit\u00e9s d\u2019hospitalisation (sant\u00e9 physique) entameront l\u2019implantation du mod\u00e8le McGill.<br \/>\n<i>Les unit\u00e9s vis\u00e9es incluent la p\u00e9diatrie et l\u2019oncologie.<\/i><\/li>\n<\/ul>\n<p><strong>En bref\u2026<\/strong><br \/>\nLe mod\u00e8le de soins infirmiers McGill met en \u00e9vidence la <b>recherche de partenariat de soins<\/b>. Cette philosophie de soins commune guide la pratique : elle influence tant les gestes automatiques, presque intuitifs, que les d\u00e9cisions d\u00e9lib\u00e9r\u00e9es.<\/p>\n<p><strong>Des f\u00e9licitations particuli\u00e8res\u2026<\/strong><br \/>\naux secteurs de la Direction du programme jeunesse et de la Direction de sant\u00e9 publique qui ont relev\u00e9 le d\u00e9fi de l\u2019implantation du mod\u00e8le McGill en parall\u00e8le des imp\u00e9ratifs associ\u00e9s \u00e0 la visite d\u2019Agr\u00e9ment.Bravo pour votre engagement et votre mobilisation!<\/p>\n<p><strong>Trucs et astuces<\/strong><br \/>\nN\u2019oubliez pas de visiter le portail McGill :\u00a0<a href=\"http:\/\/www.santemc.quebec\/mcgill\" target=\"_blank\" rel=\"noopener noreferrer\">www.santemc.quebec\/mcgill<\/a><\/p>\n<p><a href=\"https:\/\/santemc.quebec\/santemc\/icentre\/wp-content\/uploads\/2019\/11\/BulletinMacroNo1_20191113_v2-1.pdf\" target=\"_blank\" rel=\"noopener noreferrer\">Consulter le bulletin en version PDF<\/a><\/p>\n","protected":false},"excerpt":{"rendered":"<p>D\u00e9ploiement de l&rsquo;approche McGill au CISSS de la Mont\u00e9r\u00e9gie-Centre &nbsp; &nbsp;<\/p>\n","protected":false},"author":9,"featured_media":0,"comment_status":"open","ping_status":"closed","sticky":false,"template":"","format":"standard","meta":{"footnotes":""},"categories":[1],"tags":[],"_links":{"self":[{"href":"https:\/\/santemc.quebec\/icentre\/wp-json\/wp\/v2\/posts\/166385"}],"collection":[{"href":"https:\/\/santemc.quebec\/icentre\/wp-json\/wp\/v2\/posts"}],"about":[{"href":"https:\/\/santemc.quebec\/icentre\/wp-json\/wp\/v2\/types\/post"}],"author":[{"embeddable":true,"href":"https:\/\/santemc.quebec\/icentre\/wp-json\/wp\/v2\/users\/9"}],"replies":[{"embeddable":true,"href":"https:\/\/santemc.quebec\/icentre\/wp-json\/wp\/v2\/comments?post=166385"}],"version-history":[{"count":3,"href":"https:\/\/santemc.quebec\/icentre\/wp-json\/wp\/v2\/posts\/166385\/revisions"}],"predecessor-version":[{"id":166392,"href":"https:\/\/santemc.quebec\/icentre\/wp-json\/wp\/v2\/posts\/166385\/revisions\/166392"}],"wp:attachment":[{"href":"https:\/\/santemc.quebec\/icentre\/wp-json\/wp\/v2\/media?parent=166385"}],"wp:term":[{"taxonomy":"category","embeddable":true,"href":"https:\/\/santemc.quebec\/icentre\/wp-json\/wp\/v2\/categories?post=166385"},{"taxonomy":"post_tag","embeddable":true,"href":"https:\/\/santemc.quebec\/icentre\/wp-json\/wp\/v2\/tags?post=166385"}],"curies":[{"name":"wp","href":"https:\/\/api.w.org\/{rel}","templated":true}]}}