{"id":166922,"date":"2019-11-15T10:19:24","date_gmt":"2019-11-15T15:19:24","guid":{"rendered":"http:\/\/santemc.quebec\/icentre\/?p=166922"},"modified":"2019-11-15T10:22:56","modified_gmt":"2019-11-15T15:22:56","slug":"bulletin-periscope-pres-dun-monteregien-sur-six-est-fortement-derange-par-le-bruit-copy-copy-copy-copy-copy-copy-copy-copy-copy-copy-copy-copy-copy-copy-copy-copy-copy-copy-copy-copy-copy-copy","status":"publish","type":"post","link":"https:\/\/santemc.quebec\/icentre\/bulletin-periscope-pres-dun-monteregien-sur-six-est-fortement-derange-par-le-bruit-copy-copy-copy-copy-copy-copy-copy-copy-copy-copy-copy-copy-copy-copy-copy-copy-copy-copy-copy-copy-copy-copy\/","title":{"rendered":"Bulletin P\u00e9riscope &#8211; Le suicide : les hommes et les jeunes font des gains importants"},"content":{"rendered":"<p><img decoding=\"async\" loading=\"lazy\" class=\"aligncenter wp-image-2877 size-full\" src=\"http:\/\/santemc.quebec\/santemc\/icentre\/wp-content\/uploads\/2016\/09\/periscope.png\" alt=\"periscope\" width=\"789\" height=\"163\" srcset=\"https:\/\/santemc.quebec\/santemc\/icentre\/wp-content\/uploads\/2016\/09\/periscope.png 789w, https:\/\/santemc.quebec\/santemc\/icentre\/wp-content\/uploads\/2016\/09\/periscope-300x62.png 300w, https:\/\/santemc.quebec\/santemc\/icentre\/wp-content\/uploads\/2016\/09\/periscope-768x159.png 768w, https:\/\/santemc.quebec\/santemc\/icentre\/wp-content\/uploads\/2016\/09\/periscope-500x103.png 500w\" sizes=\"(max-width: 789px) 100vw, 789px\" \/><\/p>\n<p>En 2013-2016, 167 Mont\u00e9r\u00e9giens, en moyenne, se sont enlev\u00e9s la vie chaque ann\u00e9e, un nombre qui diminue depuis une vingtaine d\u2019ann\u00e9es. Cette diminution s\u2019observe davantage chez les hommes et chez les personnes de moins de 40 ans.<\/p>\n<p><!--more--><\/p>\n<p>Au-del\u00e0 des suicides, plus de 34 000 Mont\u00e9r\u00e9giens songent s\u00e9rieusement au suicide \u00e0 chaque ann\u00e9e et pr\u00e8s de 6 000 ont fait une tentative de suicide. Heureusement, bon nombre de ces suicides sont \u00e9vitables par des mesures de pr\u00e9vention populationnelles et individuelles. Pour en savoir davantage sur ce sujet, vous \u00eates invit\u00e9s \u00e0 consulter le\u00a0<a href=\"http:\/\/extranet.santemonteregie.qc.ca\/depot\/document\/3963\/PeriscopeSuicide-Novembre2019.pdf\" target=\"_blank\" rel=\"noopener noreferrer\">num\u00e9ro de novembre <\/a>du bulletin P\u00e9riscope.<\/p>\n","protected":false},"excerpt":{"rendered":"<p>En 2013-2016, 167 Mont\u00e9r\u00e9giens, en moyenne, se sont enlev\u00e9s la vie chaque ann\u00e9e, un nombre qui diminue depuis une vingtaine d\u2019ann\u00e9es. Cette diminution s\u2019observe davantage chez les hommes et chez les personnes de moins de 40 ans.<\/p>\n","protected":false},"author":1,"featured_media":0,"comment_status":"open","ping_status":"closed","sticky":false,"template":"","format":"standard","meta":{"footnotes":""},"categories":[1],"tags":[44],"_links":{"self":[{"href":"https:\/\/santemc.quebec\/icentre\/wp-json\/wp\/v2\/posts\/166922"}],"collection":[{"href":"https:\/\/santemc.quebec\/icentre\/wp-json\/wp\/v2\/posts"}],"about":[{"href":"https:\/\/santemc.quebec\/icentre\/wp-json\/wp\/v2\/types\/post"}],"author":[{"embeddable":true,"href":"https:\/\/santemc.quebec\/icentre\/wp-json\/wp\/v2\/users\/1"}],"replies":[{"embeddable":true,"href":"https:\/\/santemc.quebec\/icentre\/wp-json\/wp\/v2\/comments?post=166922"}],"version-history":[{"count":4,"href":"https:\/\/santemc.quebec\/icentre\/wp-json\/wp\/v2\/posts\/166922\/revisions"}],"predecessor-version":[{"id":166926,"href":"https:\/\/santemc.quebec\/icentre\/wp-json\/wp\/v2\/posts\/166922\/revisions\/166926"}],"wp:attachment":[{"href":"https:\/\/santemc.quebec\/icentre\/wp-json\/wp\/v2\/media?parent=166922"}],"wp:term":[{"taxonomy":"category","embeddable":true,"href":"https:\/\/santemc.quebec\/icentre\/wp-json\/wp\/v2\/categories?post=166922"},{"taxonomy":"post_tag","embeddable":true,"href":"https:\/\/santemc.quebec\/icentre\/wp-json\/wp\/v2\/tags?post=166922"}],"curies":[{"name":"wp","href":"https:\/\/api.w.org\/{rel}","templated":true}]}}