{"id":167004,"date":"2019-11-15T14:54:11","date_gmt":"2019-11-15T19:54:11","guid":{"rendered":"http:\/\/santemc.quebec\/icentre\/?p=167004"},"modified":"2019-11-15T15:32:29","modified_gmt":"2019-11-15T20:32:29","slug":"prix-dexcellence-les-emerveilleurs-un-guide-de-redaction-a-votre-portee","status":"publish","type":"post","link":"https:\/\/santemc.quebec\/icentre\/prix-dexcellence-les-emerveilleurs-un-guide-de-redaction-a-votre-portee\/","title":{"rendered":"Prix d\u2019excellence les \u00c9merveilleurs : un guide de r\u00e9daction \u00e0 votre port\u00e9e!"},"content":{"rendered":"<p><a href=\"https:\/\/santemc.quebec\/santemc\/icentre\/wp-content\/uploads\/2019\/11\/thumbnail_BandeauWeb_Emerveilleurs.jpg\"><img decoding=\"async\" loading=\"lazy\" class=\"wp-image-167045 size-full aligncenter\" src=\"https:\/\/santemc.quebec\/santemc\/icentre\/wp-content\/uploads\/2019\/11\/thumbnail_BandeauWeb_Emerveilleurs.jpg\" alt=\"\" width=\"848\" height=\"131\" srcset=\"https:\/\/santemc.quebec\/santemc\/icentre\/wp-content\/uploads\/2019\/11\/thumbnail_BandeauWeb_Emerveilleurs.jpg 848w, https:\/\/santemc.quebec\/santemc\/icentre\/wp-content\/uploads\/2019\/11\/thumbnail_BandeauWeb_Emerveilleurs-300x46.jpg 300w, https:\/\/santemc.quebec\/santemc\/icentre\/wp-content\/uploads\/2019\/11\/thumbnail_BandeauWeb_Emerveilleurs-768x119.jpg 768w, https:\/\/santemc.quebec\/santemc\/icentre\/wp-content\/uploads\/2019\/11\/thumbnail_BandeauWeb_Emerveilleurs-500x77.jpg 500w\" sizes=\"(max-width: 848px) 100vw, 848px\" \/><\/a><\/p>\n<p>La p\u00e9riode de mise en candidature pour les prix d\u2019excellence <em>les \u00c9merveilleurs<\/em> bat son plein au CISSS! Que ce soit pour un prix individuel ou encore un prix d\u2019\u00e9quipe, n\u2019h\u00e9sitez pas \u00e0 nous envoyer d\u00e8s maintenant la candidature d\u2019un ou d\u2019une coll\u00e8gue! Les installations du CISSS regorgent d\u2019ambassadeurs et ambassadrices qui, par leurs gestes quotidiens, leurs id\u00e9es innovantes ou leur participation \u00e0 des grands projets organisationnels font une diff\u00e9rence au quotidien.<\/p>\n<p><!--more--><\/p>\n<p>Vous souhaitez d\u00e9poser une candidature, mais ne savez pas par o\u00f9 commencer? Soyez sans crainte, nous avons l\u2019outil pour vous aider! D\u00e8s maintenant, vous \u00eates invit\u00e9 \u00e0 consulter le <em><a href=\"https:\/\/santemc.quebec\/santemc\/icentre\/wp-content\/uploads\/2019\/11\/Guide-de-r\u00e9daction_candidature-\u00c9merveilleurs.pdf\" target=\"_blank\" rel=\"noopener noreferrer\">Guide de r\u00e9daction de candidatures<\/a><\/em>. Cet aide-m\u00e9moire d\u2019une page offre des trucs, des pistes d\u2019information et des exemples pour une r\u00e9daction efficace!<\/p>\n<p>Pour toute information concernant les prix d\u2019excellence <em>les \u00c9merveilleurs<\/em>\u00a0: <a href=\"http:\/\/www.santemc.quebec\/emerveilleurs\" target=\"_blank\" rel=\"noopener noreferrer\">www.santemc.quebec\/emerveilleurs<\/a><\/p>\n","protected":false},"excerpt":{"rendered":"<p>La p\u00e9riode de mise en candidature pour les prix d\u2019excellence les \u00c9merveilleurs bat son plein au CISSS! Que ce soit pour un prix individuel ou encore un prix d\u2019\u00e9quipe, n\u2019h\u00e9sitez pas \u00e0 nous envoyer d\u00e8s maintenant la candidature d\u2019un ou &hellip; <a href=\"https:\/\/santemc.quebec\/icentre\/prix-dexcellence-les-emerveilleurs-un-guide-de-redaction-a-votre-portee\/\">Continuer la lecture <span class=\"meta-nav\">&rarr;<\/span><\/a><\/p>\n","protected":false},"author":9,"featured_media":0,"comment_status":"open","ping_status":"closed","sticky":false,"template":"","format":"standard","meta":{"footnotes":""},"categories":[1],"tags":[],"_links":{"self":[{"href":"https:\/\/santemc.quebec\/icentre\/wp-json\/wp\/v2\/posts\/167004"}],"collection":[{"href":"https:\/\/santemc.quebec\/icentre\/wp-json\/wp\/v2\/posts"}],"about":[{"href":"https:\/\/santemc.quebec\/icentre\/wp-json\/wp\/v2\/types\/post"}],"author":[{"embeddable":true,"href":"https:\/\/santemc.quebec\/icentre\/wp-json\/wp\/v2\/users\/9"}],"replies":[{"embeddable":true,"href":"https:\/\/santemc.quebec\/icentre\/wp-json\/wp\/v2\/comments?post=167004"}],"version-history":[{"count":4,"href":"https:\/\/santemc.quebec\/icentre\/wp-json\/wp\/v2\/posts\/167004\/revisions"}],"predecessor-version":[{"id":167046,"href":"https:\/\/santemc.quebec\/icentre\/wp-json\/wp\/v2\/posts\/167004\/revisions\/167046"}],"wp:attachment":[{"href":"https:\/\/santemc.quebec\/icentre\/wp-json\/wp\/v2\/media?parent=167004"}],"wp:term":[{"taxonomy":"category","embeddable":true,"href":"https:\/\/santemc.quebec\/icentre\/wp-json\/wp\/v2\/categories?post=167004"},{"taxonomy":"post_tag","embeddable":true,"href":"https:\/\/santemc.quebec\/icentre\/wp-json\/wp\/v2\/tags?post=167004"}],"curies":[{"name":"wp","href":"https:\/\/api.w.org\/{rel}","templated":true}]}}