{"id":168382,"date":"2019-11-21T13:53:33","date_gmt":"2019-11-21T18:53:33","guid":{"rendered":"http:\/\/santemc.quebec\/icentre\/?p=168382"},"modified":"2019-11-21T16:00:16","modified_gmt":"2019-11-21T21:00:16","slug":"un-partenariat-en-sante-mentale-ameliore-grandement-lintervention-aupres-des-personnes-en-situation-de-crise","status":"publish","type":"post","link":"https:\/\/santemc.quebec\/icentre\/un-partenariat-en-sante-mentale-ameliore-grandement-lintervention-aupres-des-personnes-en-situation-de-crise\/","title":{"rendered":"Un partenariat en sant\u00e9 mentale am\u00e9liore grandement l\u2019intervention aupr\u00e8s des personnes en situation de crise"},"content":{"rendered":"<div id=\"attachment_168383\" style=\"width: 310px\" class=\"wp-caption alignleft\"><a href=\"https:\/\/santemc.quebec\/santemc\/icentre\/wp-content\/uploads\/2019\/11\/thumbnail_Photo_15112019.jpg\"><img aria-describedby=\"caption-attachment-168383\" decoding=\"async\" loading=\"lazy\" class=\"size-medium wp-image-168383\" src=\"https:\/\/santemc.quebec\/santemc\/icentre\/wp-content\/uploads\/2019\/11\/thumbnail_Photo_15112019-300x225.jpg\" alt=\"\" width=\"300\" height=\"225\" srcset=\"https:\/\/santemc.quebec\/santemc\/icentre\/wp-content\/uploads\/2019\/11\/thumbnail_Photo_15112019-300x225.jpg 300w, https:\/\/santemc.quebec\/santemc\/icentre\/wp-content\/uploads\/2019\/11\/thumbnail_Photo_15112019-400x300.jpg 400w, https:\/\/santemc.quebec\/santemc\/icentre\/wp-content\/uploads\/2019\/11\/thumbnail_Photo_15112019.jpg 640w\" sizes=\"(max-width: 300px) 100vw, 300px\" \/><\/a><p id=\"caption-attachment-168383\" class=\"wp-caption-text\">Francis Boucher du Centre de crise et de pr\u00e9vention du suicide du Haut-Richelieu-Rouville; Andr\u00e9 Fortier, directeur du Service de police de Saint-Jean-sur-Richelieu; Myriam Lafond du Centre de crise et de pr\u00e9vention du suicide du Haut-Richelieu-Rouville; Evelyne Roy, chef de l\u2019urgence \u00e0 l\u2019H\u00f4pital du Haut-Richelieu; Lieutenant Jonathan Tremblay du Service de police de Saint-Jean-sur-Richelieu; Sylvain Lachance, coordonnateur des services hospitaliers en sant\u00e9 mentale et Ren\u00e9-Pierre Bergeron d&rsquo;Ambulances Demers.<\/p><\/div>\n<p>Un projet novateur lanc\u00e9 il y a deux ans par l\u2019\u00e9quipe de la Direction du programme sant\u00e9 mentale et d\u00e9pendance \u00e0 Saint-Jean-sur-Richelieu porte ses fruits. Gr\u00e2ce au Programme d\u2019intervention conjointe aupr\u00e8s des personnes en situation de d\u00e9tresse psychologique, les policiers de la municipalit\u00e9 sont mieux outill\u00e9s pour intervenir et peuvent maintenant compter sur le soutien d\u2019un sp\u00e9cialiste en gestion de crise.<\/p>\n<p><!--more--><\/p>\n<p>Cette nouvelle fa\u00e7on de faire permet d&rsquo;\u00e9valuer plus ad\u00e9quatement l\u2019\u00e9tat de la personne et de lui offrir une alternative \u00e0 l&rsquo;urgence en r\u00e9ponse \u00e0 son besoin. Ainsi, seules les personnes dont l&rsquo;\u00e9tat requiert une intervention \u00e0 l&rsquo;urgence de l&rsquo;h\u00f4pital y sont conduites.\u00a0De plus, un appel est maintenant fait \u00e0 l\u2019\u00e9quipe de l\u2019urgence pour annoncer l\u2019arriv\u00e9e d\u2019une personne en crise, ce qui lui permet de se pr\u00e9parer pour mieux intervenir.<\/p>\n<p>Le programme a entra\u00een\u00e9, pour cette client\u00e8le, une diminution des transports ambulanciers \u00e0 l\u2019urgence de l\u2019H\u00f4pital du Haut-Richelieu de 85 % en deux ans. Il a \u00e9galement favoris\u00e9 la prise en charge des personnes confront\u00e9es \u00e0 un probl\u00e8me de sant\u00e9 mentale par le Centre de crise et de pr\u00e9vention du suicide d\u2019Haut-Richelieu-Rouville, qui est pass\u00e9e de 245 en 2018 \u00e0 664 en 2019.<\/p>\n<p>Parmi les partenaires du CISSSMC dans ce programme, on retrouve le Service de police de la Ville de Saint-Jean-sur-Richelieu, le Centre de crise et de pr\u00e9vention du suicide d\u2019Haut-Richelieu-Rouville et Ambulances Demers.<\/p>\n<p>Devant ce succ\u00e8s, le Service de police de Saint-Jean-sur-Richelieu a organis\u00e9 un \u00e9v\u00e9nement o\u00f9 il a convi\u00e9 la presse. Le CISSSMC \u00e9tait repr\u00e9sent\u00e9 par Evelyne Roy, chef de l\u2019urgence \u00e0 l\u2019H\u00f4pital du Haut-Richelieu, et Sylvain Lachance, coordonnateur des services hospitaliers en sant\u00e9 mentale.<\/p>\n","protected":false},"excerpt":{"rendered":"<p>Un projet novateur lanc\u00e9 il y a deux ans par l\u2019\u00e9quipe de la Direction du programme sant\u00e9 mentale et d\u00e9pendance \u00e0 Saint-Jean-sur-Richelieu porte ses fruits. Gr\u00e2ce au Programme d\u2019intervention conjointe aupr\u00e8s des personnes en situation de d\u00e9tresse psychologique, les policiers &hellip; <a href=\"https:\/\/santemc.quebec\/icentre\/un-partenariat-en-sante-mentale-ameliore-grandement-lintervention-aupres-des-personnes-en-situation-de-crise\/\">Continuer la lecture <span class=\"meta-nav\">&rarr;<\/span><\/a><\/p>\n","protected":false},"author":9,"featured_media":0,"comment_status":"open","ping_status":"closed","sticky":false,"template":"","format":"standard","meta":{"footnotes":""},"categories":[1],"tags":[],"_links":{"self":[{"href":"https:\/\/santemc.quebec\/icentre\/wp-json\/wp\/v2\/posts\/168382"}],"collection":[{"href":"https:\/\/santemc.quebec\/icentre\/wp-json\/wp\/v2\/posts"}],"about":[{"href":"https:\/\/santemc.quebec\/icentre\/wp-json\/wp\/v2\/types\/post"}],"author":[{"embeddable":true,"href":"https:\/\/santemc.quebec\/icentre\/wp-json\/wp\/v2\/users\/9"}],"replies":[{"embeddable":true,"href":"https:\/\/santemc.quebec\/icentre\/wp-json\/wp\/v2\/comments?post=168382"}],"version-history":[{"count":4,"href":"https:\/\/santemc.quebec\/icentre\/wp-json\/wp\/v2\/posts\/168382\/revisions"}],"predecessor-version":[{"id":168426,"href":"https:\/\/santemc.quebec\/icentre\/wp-json\/wp\/v2\/posts\/168382\/revisions\/168426"}],"wp:attachment":[{"href":"https:\/\/santemc.quebec\/icentre\/wp-json\/wp\/v2\/media?parent=168382"}],"wp:term":[{"taxonomy":"category","embeddable":true,"href":"https:\/\/santemc.quebec\/icentre\/wp-json\/wp\/v2\/categories?post=168382"},{"taxonomy":"post_tag","embeddable":true,"href":"https:\/\/santemc.quebec\/icentre\/wp-json\/wp\/v2\/tags?post=168382"}],"curies":[{"name":"wp","href":"https:\/\/api.w.org\/{rel}","templated":true}]}}