{"id":168650,"date":"2019-11-25T09:55:57","date_gmt":"2019-11-25T14:55:57","guid":{"rendered":"http:\/\/santemc.quebec\/icentre\/?p=168650"},"modified":"2019-11-25T09:55:57","modified_gmt":"2019-11-25T14:55:57","slug":"recruter-autrement-une-caravane-de-nouveaux-arrivants-en-visite-a-lhopital-du-haut-richelieu","status":"publish","type":"post","link":"https:\/\/santemc.quebec\/icentre\/recruter-autrement-une-caravane-de-nouveaux-arrivants-en-visite-a-lhopital-du-haut-richelieu\/","title":{"rendered":"Recruter autrement : une caravane de nouveaux arrivants en visite \u00e0 l&rsquo;H\u00f4pital du Haut-Richelieu"},"content":{"rendered":"<div id=\"attachment_168652\" style=\"width: 310px\" class=\"wp-caption alignleft\"><a href=\"https:\/\/santemc.quebec\/santemc\/icentre\/wp-content\/uploads\/2019\/11\/caravane_recrutement_nov2019.jpg\"><img aria-describedby=\"caption-attachment-168652\" decoding=\"async\" loading=\"lazy\" class=\"size-medium wp-image-168652\" src=\"https:\/\/santemc.quebec\/santemc\/icentre\/wp-content\/uploads\/2019\/11\/caravane_recrutement_nov2019-300x225.jpg\" alt=\"\" width=\"300\" height=\"225\" srcset=\"https:\/\/santemc.quebec\/santemc\/icentre\/wp-content\/uploads\/2019\/11\/caravane_recrutement_nov2019-300x225.jpg 300w, https:\/\/santemc.quebec\/santemc\/icentre\/wp-content\/uploads\/2019\/11\/caravane_recrutement_nov2019-768x576.jpg 768w, https:\/\/santemc.quebec\/santemc\/icentre\/wp-content\/uploads\/2019\/11\/caravane_recrutement_nov2019-400x300.jpg 400w, https:\/\/santemc.quebec\/santemc\/icentre\/wp-content\/uploads\/2019\/11\/caravane_recrutement_nov2019.jpg 787w\" sizes=\"(max-width: 300px) 100vw, 300px\" \/><\/a><p id=\"caption-attachment-168652\" class=\"wp-caption-text\">Jonathan Deslippes, chef d\u2019unit\u00e9 3-4-5 au CHSLD Gertrude-Lafrance; et Pascal Dubois, chef d\u2019unit\u00e9 au CHSLD Val-Joli et Saint-Joseph<\/p><\/div>\n<p>Le 19 novembre dernier, le Service de la dotation de la Direction des ressources humaines, des communications et des affaires juridiques (DRHCAJ) recevait un autocar d\u2019une vingtaine de nouveaux arrivants de la r\u00e9gion dans les locaux de l\u2019H\u00f4pital du Haut-Richelieu. L\u2019\u00e9v\u00e9nement avait pour but de leur pr\u00e9senter notre organisation et des possibilit\u00e9s de carri\u00e8re au CISSS de la Mont\u00e9r\u00e9gie-Centre.<\/p>\n<p><!--more--><\/p>\n<p>C\u2019est avec la collaboration de l\u2019organisme l\u2019ANCRE, dont la mission est de favoriser l\u2019\u00e9tablissement et l\u2019int\u00e9gration durable des personnes immigrantes sur le territoire du Haut-Richelieu, que les participants ont eu l\u2019opportunit\u00e9 de visiter nos installations, dont notre service alimentaire ainsi qu\u2019une unit\u00e9 de m\u00e9decine de l\u2019H\u00f4pital. \u00c0 la suite de leur visite, ils ont assist\u00e9 \u00e0 diff\u00e9rentes pr\u00e9sentations et ont rencontr\u00e9 deux chefs d\u2019unit\u00e9 de CHSLD pour discuter des opportunit\u00e9s d\u2019emploi qui s\u2019offraient \u00e0 eux.<\/p>\n<p>C\u2019est avec beaucoup d\u2019enthousiasme que le groupe a pu en apprendre davantage sur le CISSS et les emplois disponibles. Le tout, dans une ambiance dynamique et conviviale.<\/p>\n<p>Voici un autre bel exemple de collaboration entre les diff\u00e9rents partenaires et acteurs de notre \u00e9tablissement qui permet d\u2019innover et de se d\u00e9marquer en mati\u00e8re de recrutement. En effet, pour en apprendre davantage sur l\u2019organisme l\u2019ANCRE et les services offerts, vous pouvez visionner leur vid\u00e9o en cliquant <a href=\"https:\/\/www.youtube.com\/watch?v=ntALfQLrK0Q\" target=\"_blank\" rel=\"noopener noreferrer\">ici<\/a>. Le CISSS de la Mont\u00e9r\u00e9gie-Centre y est d\u2019ailleurs repr\u00e9sent\u00e9.<\/p>\n<p>Dans le contexte actuel de plein emploi au Qu\u00e9bec et de p\u00e9nurie de main-d\u2019\u0153uvre, le recrutement de personnel pour certains emplois est synonyme de d\u00e9fis. L\u2019\u00e9quipe de la DRHCAJ, soutenue par les gestionnaires et les syndicats, d\u00e9ploie tous les efforts pour attirer les talents et combler les postes disponibles dans notre organisation.<\/p>\n<p>D\u2019autres initiatives sont \u00e0 venir. Restez \u00e0 l\u2019aff\u00fbt!<\/p>\n<p>N\u2019h\u00e9sitez pas \u00e0 parler \u00e0 des personnes de votre entourage des opportunit\u00e9s d\u2019emploi au CISSS de la Mont\u00e9r\u00e9gie-Centre et invitez-les \u00e0 visiter <a href=\"http:\/\/www.nousrecrutons.ca\" target=\"_blank\" rel=\"noopener noreferrer\">www.nousrecrutons.ca<\/a><\/p>\n","protected":false},"excerpt":{"rendered":"<p>Le 19 novembre dernier, le Service de la dotation de la Direction des ressources humaines, des communications et des affaires juridiques (DRHCAJ) recevait un autocar d\u2019une vingtaine de nouveaux arrivants de la r\u00e9gion dans les locaux de l\u2019H\u00f4pital du Haut-Richelieu. &hellip; <a href=\"https:\/\/santemc.quebec\/icentre\/recruter-autrement-une-caravane-de-nouveaux-arrivants-en-visite-a-lhopital-du-haut-richelieu\/\">Continuer la lecture <span class=\"meta-nav\">&rarr;<\/span><\/a><\/p>\n","protected":false},"author":9,"featured_media":0,"comment_status":"open","ping_status":"closed","sticky":false,"template":"","format":"standard","meta":{"footnotes":""},"categories":[1],"tags":[],"_links":{"self":[{"href":"https:\/\/santemc.quebec\/icentre\/wp-json\/wp\/v2\/posts\/168650"}],"collection":[{"href":"https:\/\/santemc.quebec\/icentre\/wp-json\/wp\/v2\/posts"}],"about":[{"href":"https:\/\/santemc.quebec\/icentre\/wp-json\/wp\/v2\/types\/post"}],"author":[{"embeddable":true,"href":"https:\/\/santemc.quebec\/icentre\/wp-json\/wp\/v2\/users\/9"}],"replies":[{"embeddable":true,"href":"https:\/\/santemc.quebec\/icentre\/wp-json\/wp\/v2\/comments?post=168650"}],"version-history":[{"count":3,"href":"https:\/\/santemc.quebec\/icentre\/wp-json\/wp\/v2\/posts\/168650\/revisions"}],"predecessor-version":[{"id":168654,"href":"https:\/\/santemc.quebec\/icentre\/wp-json\/wp\/v2\/posts\/168650\/revisions\/168654"}],"wp:attachment":[{"href":"https:\/\/santemc.quebec\/icentre\/wp-json\/wp\/v2\/media?parent=168650"}],"wp:term":[{"taxonomy":"category","embeddable":true,"href":"https:\/\/santemc.quebec\/icentre\/wp-json\/wp\/v2\/categories?post=168650"},{"taxonomy":"post_tag","embeddable":true,"href":"https:\/\/santemc.quebec\/icentre\/wp-json\/wp\/v2\/tags?post=168650"}],"curies":[{"name":"wp","href":"https:\/\/api.w.org\/{rel}","templated":true}]}}