{"id":169519,"date":"2019-11-26T15:55:19","date_gmt":"2019-11-26T20:55:19","guid":{"rendered":"http:\/\/santemc.quebec\/icentre\/?p=169519"},"modified":"2019-11-27T08:38:23","modified_gmt":"2019-11-27T13:38:23","slug":"cancer-de-la-prostate-le-radio-oncologue-georges-wakil-repond-aux-questions-de-ron-fournier-dans-une-video-lancee-sur-les-reseaux-sociaux","status":"publish","type":"post","link":"https:\/\/santemc.quebec\/icentre\/cancer-de-la-prostate-le-radio-oncologue-georges-wakil-repond-aux-questions-de-ron-fournier-dans-une-video-lancee-sur-les-reseaux-sociaux\/","title":{"rendered":"Cancer de la prostate : le radio-oncologue Georges Wakil r\u00e9pond aux questions de Ron Fournier dans une vid\u00e9o lanc\u00e9e sur les r\u00e9seaux sociaux"},"content":{"rendered":"<p><a href=\"https:\/\/santemc.quebec\/santemc\/icentre\/wp-content\/uploads\/2019\/11\/RonFournier.jpg\"><img decoding=\"async\" loading=\"lazy\" class=\"size-medium wp-image-169520 alignleft\" src=\"https:\/\/santemc.quebec\/santemc\/icentre\/wp-content\/uploads\/2019\/11\/RonFournier-300x169.jpg\" alt=\"\" width=\"300\" height=\"169\" srcset=\"https:\/\/santemc.quebec\/santemc\/icentre\/wp-content\/uploads\/2019\/11\/RonFournier-300x169.jpg 300w, https:\/\/santemc.quebec\/santemc\/icentre\/wp-content\/uploads\/2019\/11\/RonFournier-768x432.jpg 768w, https:\/\/santemc.quebec\/santemc\/icentre\/wp-content\/uploads\/2019\/11\/RonFournier-1024x576.jpg 1024w, https:\/\/santemc.quebec\/santemc\/icentre\/wp-content\/uploads\/2019\/11\/RonFournier-500x281.jpg 500w, https:\/\/santemc.quebec\/santemc\/icentre\/wp-content\/uploads\/2019\/11\/RonFournier.jpg 1080w\" sizes=\"(max-width: 300px) 100vw, 300px\" \/><\/a>Dans le cadre du mois de novembre d\u00e9di\u00e9 au cancer de la prostate, 98,5 (Cogeco) lance, sur les r\u00e9seaux sociaux, la vid\u00e9o tourn\u00e9e \u00e0 l\u2019H\u00f4pital Charles-Le Moyne montrant le populaire animateur de <i>Bonsoir les sportifs<\/i>\u00a0questionner son radio-oncologue sur le cancer de la prostate dont il a souffert.<\/p>\n<p><!--more--><\/p>\n<p>Un homme sur 7 est \u00e0 risque de d\u00e9velopper un cancer de la prostate au cours de sa vie.<\/p>\n<p>En partageant ce passage de sa vie, Ron Fournier veut sensibiliser les hommes aux risques de cancer et les inciter \u00e0 discuter avec leur m\u00e9decin pour savoir s\u2019ils devraient passer un test de d\u00e9pistage.<\/p>\n<p>Dans cette vid\u00e9o de 12 minutes, Ron Fournier pr\u00e9sente le Dr Wakil comme l\u2019homme qui lui a sauv\u00e9 la vie. Il parle de sa peur de la mort et aborde la question taboue de la vie sexuelle apr\u00e8s un cancer de la prostate.<\/p>\n<div style=\"width: 584px;\" class=\"wp-video\"><!--[if lt IE 9]><script>document.createElement('video');<\/script><![endif]-->\n<video class=\"wp-video-shortcode\" id=\"video-169519-1\" width=\"584\" height=\"329\" preload=\"metadata\" controls=\"controls\"><source type=\"video\/mp4\" src=\"https:\/\/santemc.quebec\/santemc\/icentre\/wp-content\/uploads\/2019\/11\/Ron_fournierSD.mp4?_=1\" \/><a href=\"https:\/\/santemc.quebec\/santemc\/icentre\/wp-content\/uploads\/2019\/11\/Ron_fournierSD.mp4\">https:\/\/santemc.quebec\/santemc\/icentre\/wp-content\/uploads\/2019\/11\/Ron_fournierSD.mp4<\/a><\/video><\/div>\n","protected":false},"excerpt":{"rendered":"<p>Dans le cadre du mois de novembre d\u00e9di\u00e9 au cancer de la prostate, 98,5 (Cogeco) lance, sur les r\u00e9seaux sociaux, la vid\u00e9o tourn\u00e9e \u00e0 l\u2019H\u00f4pital Charles-Le Moyne montrant le populaire animateur de Bonsoir les sportifs\u00a0questionner son radio-oncologue sur le cancer &hellip; <a href=\"https:\/\/santemc.quebec\/icentre\/cancer-de-la-prostate-le-radio-oncologue-georges-wakil-repond-aux-questions-de-ron-fournier-dans-une-video-lancee-sur-les-reseaux-sociaux\/\">Continuer la lecture <span class=\"meta-nav\">&rarr;<\/span><\/a><\/p>\n","protected":false},"author":9,"featured_media":0,"comment_status":"open","ping_status":"closed","sticky":false,"template":"","format":"standard","meta":{"footnotes":""},"categories":[1],"tags":[],"_links":{"self":[{"href":"https:\/\/santemc.quebec\/icentre\/wp-json\/wp\/v2\/posts\/169519"}],"collection":[{"href":"https:\/\/santemc.quebec\/icentre\/wp-json\/wp\/v2\/posts"}],"about":[{"href":"https:\/\/santemc.quebec\/icentre\/wp-json\/wp\/v2\/types\/post"}],"author":[{"embeddable":true,"href":"https:\/\/santemc.quebec\/icentre\/wp-json\/wp\/v2\/users\/9"}],"replies":[{"embeddable":true,"href":"https:\/\/santemc.quebec\/icentre\/wp-json\/wp\/v2\/comments?post=169519"}],"version-history":[{"count":2,"href":"https:\/\/santemc.quebec\/icentre\/wp-json\/wp\/v2\/posts\/169519\/revisions"}],"predecessor-version":[{"id":169746,"href":"https:\/\/santemc.quebec\/icentre\/wp-json\/wp\/v2\/posts\/169519\/revisions\/169746"}],"wp:attachment":[{"href":"https:\/\/santemc.quebec\/icentre\/wp-json\/wp\/v2\/media?parent=169519"}],"wp:term":[{"taxonomy":"category","embeddable":true,"href":"https:\/\/santemc.quebec\/icentre\/wp-json\/wp\/v2\/categories?post=169519"},{"taxonomy":"post_tag","embeddable":true,"href":"https:\/\/santemc.quebec\/icentre\/wp-json\/wp\/v2\/tags?post=169519"}],"curies":[{"name":"wp","href":"https:\/\/api.w.org\/{rel}","templated":true}]}}