{"id":169911,"date":"2019-11-27T16:03:35","date_gmt":"2019-11-27T21:03:35","guid":{"rendered":"http:\/\/santemc.quebec\/icentre\/?p=169911"},"modified":"2019-11-27T16:39:23","modified_gmt":"2019-11-27T21:39:23","slug":"une-journee-de-sensibilisation-contre-les-violences-faites-aux-femmes-forte-en-emotions","status":"publish","type":"post","link":"https:\/\/santemc.quebec\/icentre\/une-journee-de-sensibilisation-contre-les-violences-faites-aux-femmes-forte-en-emotions\/","title":{"rendered":"Une journ\u00e9e de sensibilisation contre les violences faites aux femmes forte en \u00e9motions"},"content":{"rendered":"<div id=\"attachment_169913\" style=\"width: 310px\" class=\"wp-caption alignleft\"><a href=\"https:\/\/santemc.quebec\/santemc\/icentre\/wp-content\/uploads\/2019\/11\/tous.jpg\"><img aria-describedby=\"caption-attachment-169913\" decoding=\"async\" loading=\"lazy\" class=\"wp-image-169913 size-medium\" src=\"https:\/\/santemc.quebec\/santemc\/icentre\/wp-content\/uploads\/2019\/11\/tous-300x200.jpg\" alt=\"\" width=\"300\" height=\"200\" srcset=\"https:\/\/santemc.quebec\/santemc\/icentre\/wp-content\/uploads\/2019\/11\/tous-300x200.jpg 300w, https:\/\/santemc.quebec\/santemc\/icentre\/wp-content\/uploads\/2019\/11\/tous-768x512.jpg 768w, https:\/\/santemc.quebec\/santemc\/icentre\/wp-content\/uploads\/2019\/11\/tous-1024x683.jpg 1024w, https:\/\/santemc.quebec\/santemc\/icentre\/wp-content\/uploads\/2019\/11\/tous-450x300.jpg 450w\" sizes=\"(max-width: 300px) 100vw, 300px\" \/><\/a><p id=\"caption-attachment-169913\" class=\"wp-caption-text\">Julie Lapointe, directrice adjointe des programmes sant\u00e9 mentale et d\u00e9pendance du CISSSMC, Benoit Geneau, directeur des programmes sant\u00e9 mentale et d\u00e9pendance du CISSSMC, Caroline Soulard, organisatrice communautaire, direction de sant\u00e9 publique du CISSSMC, Jacinthe Dion, professeure agr\u00e9g\u00e9e, Universit\u00e9 du Qu\u00e9bec \u00e0 Chicoutimi, Chantal Robitaille, intervenante sociale au CALACS de Ch\u00e2teauguay Ingrid Falaise, com\u00e9dienne et auteure, Nancy Patry, Maison Hina, Marie-Christine Plante, Carrefour pour Elle, Marie-Jos\u00e9e Lamarre, organisatrice communautaire du CISSSMO, Carole Boulebsol, membre de l&rsquo;\u00e9quipe de recherche Acc\u00e8s des femmes \u00e0 la justice, M\u00e9lissa Blais, professeure associ\u00e9e \u00e0 l\u2019Institut de recherche et d\u2019\u00e9tudes f\u00e9ministes, Nathalie Ruest, chef de l\u2019administration des programmes r\u00e9gionaux et communautaires, Annick Leblanc, agente de planification, de programme et de recherche du CISSSMC<\/p><\/div>\n<p>Chaque ann\u00e9e, la date du 25 novembre marque le lancement des 12 jours d\u2019action contre les violences faites aux femmes. Permettant de rappeler l\u2019importance de la mobilisation n\u00e9cessaire pour contrer le fl\u00e9au des violences, la campagne 2019 marque \u00e9galement le triste anniversaire des 30 ans de la fusillade de la Polytechnique. Dans ce contexte, le CISSS de la Mont\u00e9r\u00e9gie-Centre, responsable r\u00e9gional du dossier de la violence conjugale et agression sexuelle, organisait lundi une journ\u00e9e de sensibilisation. <!--more-->R\u00e9unissant plus de 200 personnes travaillant au sein des organismes communautaires ou autres partenaires alli\u00e9s, cet \u00e9v\u00e9nement a permis d\u2019\u00e9changer sur la cause, d\u2019identifier les pistes d\u2019actions \u00e0 entreprendre pour contrer les violences et, finalement, de prendre un moment pour se rappeler du 6 d\u00e9cembre 1989 et de ses r\u00e9percussions.<\/p>\n<p>Brillamment anim\u00e9e par les Brutes, duo humoristique compos\u00e9 de Lili Boisvert et de Judith Lussier, l\u2019activit\u00e9 s\u2019est conclue par une conf\u00e9rence touchante d\u2019Ingrid Falaise. Visiblement \u00e9mue de s\u2019adresser aux personnes de la salle, Mme Falaise a livr\u00e9 son histoire avec beaucoup d\u2019\u00e9motion.<\/p>\n<p>Par cette activit\u00e9, le CISSS a d\u00e9montr\u00e9 son engagement \u00e0 mettre en place les m\u00e9canismes n\u00e9cessaires pour soutenir la cause et accompagner les personnes victimes de violence conjugale et d\u2019agressions sexuelles.<\/p>\n<p>F\u00e9licitations au comit\u00e9 organisateur pour cet \u00e9v\u00e9nement r\u00e9ussi :<\/p>\n<ul>\n<li>Marie-Jos\u00e9e Lamarre, organisatrice communautaire du CISSS de la Mont\u00e9r\u00e9gie-Ouest<\/li>\n<li>Annick Leblanc, agente de planification, de programme et de recherche du CISSS de la Mont\u00e9r\u00e9gie-Centre<\/li>\n<li>Mich\u00e8le Ouimet, organisatrice communautaire du CISSS de la Mont\u00e9r\u00e9gie-Centre<\/li>\n<li>Nancy Patry, intervenante \u00e0 la Maison Hina<\/li>\n<li>Deborah Pearson, directrice g\u00e9n\u00e9rale du Pavillon Marguerite de Champlain<\/li>\n<li>Marie-Christine Plante, adjointe \u00e0 la direction de Carrefour pour Elle<\/li>\n<li>Chantal Robitaille, directrice du CALACS de Ch\u00e2teauguay<\/li>\n<li>Caroline Soulard, organisatrice communautaire du CISSS de la Mont\u00e9r\u00e9gie-Centre<\/li>\n<\/ul>\n","protected":false},"excerpt":{"rendered":"<p>Chaque ann\u00e9e, la date du 25 novembre marque le lancement des 12 jours d\u2019action contre les violences faites aux femmes. Permettant de rappeler l\u2019importance de la mobilisation n\u00e9cessaire pour contrer le fl\u00e9au des violences, la campagne 2019 marque \u00e9galement le &hellip; <a href=\"https:\/\/santemc.quebec\/icentre\/une-journee-de-sensibilisation-contre-les-violences-faites-aux-femmes-forte-en-emotions\/\">Continuer la lecture <span class=\"meta-nav\">&rarr;<\/span><\/a><\/p>\n","protected":false},"author":1,"featured_media":0,"comment_status":"open","ping_status":"closed","sticky":false,"template":"","format":"standard","meta":{"footnotes":""},"categories":[1],"tags":[],"_links":{"self":[{"href":"https:\/\/santemc.quebec\/icentre\/wp-json\/wp\/v2\/posts\/169911"}],"collection":[{"href":"https:\/\/santemc.quebec\/icentre\/wp-json\/wp\/v2\/posts"}],"about":[{"href":"https:\/\/santemc.quebec\/icentre\/wp-json\/wp\/v2\/types\/post"}],"author":[{"embeddable":true,"href":"https:\/\/santemc.quebec\/icentre\/wp-json\/wp\/v2\/users\/1"}],"replies":[{"embeddable":true,"href":"https:\/\/santemc.quebec\/icentre\/wp-json\/wp\/v2\/comments?post=169911"}],"version-history":[{"count":4,"href":"https:\/\/santemc.quebec\/icentre\/wp-json\/wp\/v2\/posts\/169911\/revisions"}],"predecessor-version":[{"id":169918,"href":"https:\/\/santemc.quebec\/icentre\/wp-json\/wp\/v2\/posts\/169911\/revisions\/169918"}],"wp:attachment":[{"href":"https:\/\/santemc.quebec\/icentre\/wp-json\/wp\/v2\/media?parent=169911"}],"wp:term":[{"taxonomy":"category","embeddable":true,"href":"https:\/\/santemc.quebec\/icentre\/wp-json\/wp\/v2\/categories?post=169911"},{"taxonomy":"post_tag","embeddable":true,"href":"https:\/\/santemc.quebec\/icentre\/wp-json\/wp\/v2\/tags?post=169911"}],"curies":[{"name":"wp","href":"https:\/\/api.w.org\/{rel}","templated":true}]}}