{"id":17012,"date":"2019-06-13T13:19:18","date_gmt":"2019-06-13T17:19:18","guid":{"rendered":"http:\/\/santemc.quebec\/icentre\/?p=17012"},"modified":"2019-06-13T13:19:18","modified_gmt":"2019-06-13T17:19:18","slug":"journee-mondiale-de-lutte-contre-la-maltraitance-des-personnes-ainees-2","status":"publish","type":"post","link":"https:\/\/santemc.quebec\/icentre\/journee-mondiale-de-lutte-contre-la-maltraitance-des-personnes-ainees-2\/","title":{"rendered":"Journ\u00e9e mondiale de lutte contre la maltraitance des personnes a\u00een\u00e9es"},"content":{"rendered":"<p><a href=\"http:\/\/santemc.quebec\/santemc\/icentre\/wp-content\/uploads\/2019\/06\/lutte_maltraitance.jpg\"><img decoding=\"async\" loading=\"lazy\" class=\"size-medium wp-image-17013 alignleft\" src=\"http:\/\/santemc.quebec\/santemc\/icentre\/wp-content\/uploads\/2019\/06\/lutte_maltraitance-300x200.jpg\" alt=\"\" width=\"300\" height=\"200\" srcset=\"https:\/\/santemc.quebec\/santemc\/icentre\/wp-content\/uploads\/2019\/06\/lutte_maltraitance-300x200.jpg 300w, https:\/\/santemc.quebec\/santemc\/icentre\/wp-content\/uploads\/2019\/06\/lutte_maltraitance-768x511.jpg 768w, https:\/\/santemc.quebec\/santemc\/icentre\/wp-content\/uploads\/2019\/06\/lutte_maltraitance-1024x681.jpg 1024w, https:\/\/santemc.quebec\/santemc\/icentre\/wp-content\/uploads\/2019\/06\/lutte_maltraitance-451x300.jpg 451w, https:\/\/santemc.quebec\/santemc\/icentre\/wp-content\/uploads\/2019\/06\/lutte_maltraitance.jpg 1061w\" sizes=\"(max-width: 300px) 100vw, 300px\" \/><\/a>Le 15 juin prochain aura lieu la journ\u00e9e mondiale de la lutte contre la maltraitance des personnes a\u00een\u00e9es. Pour l\u2019occasion, des kiosques seront tenus par des organisatrices communautaires du CISSSMC, en collaboration avec la Table de concertation pour les a\u00een\u00e9s, dans les deux RLS.<\/p>\n<p><!--more--><\/p>\n<p>Le RLS de Champlain tiendra simultan\u00e9ment deux kiosques, ce vendredi 14 juin de 8 h \u00e0 9 h, dans les installations du CLSC Samuel-de-Champlain ainsi qu\u2019au CLSC Saint-Hubert afin de tenir des activit\u00e9s de sensibilisation contre la maltraitance. L\u2019\u00e9quipe se d\u00e9placera ensuite au Mail Champlain de 12 h \u00e0 13 h. Des d\u00e9pliants ainsi que des rubans mauves seront distribu\u00e9s dans le but de promouvoir cette cause aupr\u00e8s de la population.<\/p>\n<p>Du c\u00f4t\u00e9 du RLS du Haut-Richelieu<em><strong>\u2013<\/strong><\/em>Rouville, un kiosque aura lieu, ce samedi 15 juin de 8 h 30 \u00e0 midi, sur la Place du march\u00e9 de Saint-Jean-sur-Richelieu. Des capsules et des rubans mauves seront distribu\u00e9s ainsi que des d\u00e9pliants de sensibilisation contre la maltraitance. Les capsules contiendront des activit\u00e9s de bientraitance \u00e0 poser \u00e0 l&rsquo;\u00e9gard des personnes a\u00een\u00e9es de votre entourage incitant ainsi les gens \u00e0 poser de bonnes actions.<\/p>\n<p>Le 6 d\u00e9cembre 2018, le CISSSMC a adopt\u00e9 une politique pour lutter contre la maltraitance envers les personnes a\u00een\u00e9es. L\u2019objectif est d\u2019assurer la s\u00e9curit\u00e9, le bien-\u00eatre et la qualit\u00e9 de vie des usagers par la mise en place de mesures visant \u00e0 pr\u00e9venir et contrer la maltraitance. Cette politique r\u00e9pond aux exigences de la Loi visant \u00e0 lutter contre la maltraitance envers les a\u00een\u00e9s et toute autre personne majeure en situation de vuln\u00e9rabilit\u00e9. Vous pouvez consulter la politique en cliquant sur le lien suivant\u00a0: <a href=\"https:\/\/www.santemonteregie.qc.ca\/sites\/default\/files\/2019\/06\/pol_maltraitance-cisssmc.pdf\" target=\"_blank\" rel=\"noopener\">https:\/\/www.santemonteregie.qc.ca\/sites\/default\/files\/2019\/06\/pol_maltraitance-cisssmc.pdf<\/a><\/p>\n<p>En tant qu\u2019employ\u00e9, nous vous invitons \u00e0 \u00eatre vigilant. Si vous \u00eates t\u00e9moin de maltraitance, vous devez en aviser la commissaire aux plaintes et \u00e0 la qualit\u00e9 des services, et ce, dans les meilleurs d\u00e9lais, en composant le 450 466-5434.<\/p>\n<p>Rappelons qu\u2019il existe une ligne d\u2019\u00e9coute provinciale sp\u00e9cialis\u00e9e en mati\u00e8re de maltraitance des \u00a0personnes a\u00een\u00e9es, vous pouvez communiquer avec la Ligne Aide Abus A\u00een\u00e9s au 1 888 489-2287.<\/p>\n","protected":false},"excerpt":{"rendered":"<p>Le 15 juin prochain aura lieu la journ\u00e9e mondiale de la lutte contre la maltraitance des personnes a\u00een\u00e9es. Pour l\u2019occasion, des kiosques seront tenus par des organisatrices communautaires du CISSSMC, en collaboration avec la Table de concertation pour les a\u00een\u00e9s, &hellip; <a href=\"https:\/\/santemc.quebec\/icentre\/journee-mondiale-de-lutte-contre-la-maltraitance-des-personnes-ainees-2\/\">Continuer la lecture <span class=\"meta-nav\">&rarr;<\/span><\/a><\/p>\n","protected":false},"author":9,"featured_media":0,"comment_status":"open","ping_status":"closed","sticky":false,"template":"","format":"standard","meta":{"footnotes":""},"categories":[1],"tags":[],"_links":{"self":[{"href":"https:\/\/santemc.quebec\/icentre\/wp-json\/wp\/v2\/posts\/17012"}],"collection":[{"href":"https:\/\/santemc.quebec\/icentre\/wp-json\/wp\/v2\/posts"}],"about":[{"href":"https:\/\/santemc.quebec\/icentre\/wp-json\/wp\/v2\/types\/post"}],"author":[{"embeddable":true,"href":"https:\/\/santemc.quebec\/icentre\/wp-json\/wp\/v2\/users\/9"}],"replies":[{"embeddable":true,"href":"https:\/\/santemc.quebec\/icentre\/wp-json\/wp\/v2\/comments?post=17012"}],"version-history":[{"count":1,"href":"https:\/\/santemc.quebec\/icentre\/wp-json\/wp\/v2\/posts\/17012\/revisions"}],"predecessor-version":[{"id":17014,"href":"https:\/\/santemc.quebec\/icentre\/wp-json\/wp\/v2\/posts\/17012\/revisions\/17014"}],"wp:attachment":[{"href":"https:\/\/santemc.quebec\/icentre\/wp-json\/wp\/v2\/media?parent=17012"}],"wp:term":[{"taxonomy":"category","embeddable":true,"href":"https:\/\/santemc.quebec\/icentre\/wp-json\/wp\/v2\/categories?post=17012"},{"taxonomy":"post_tag","embeddable":true,"href":"https:\/\/santemc.quebec\/icentre\/wp-json\/wp\/v2\/tags?post=17012"}],"curies":[{"name":"wp","href":"https:\/\/api.w.org\/{rel}","templated":true}]}}